{"id":1928,"date":"2023-09-28T15:44:19","date_gmt":"2023-09-28T15:44:19","guid":{"rendered":"https:\/\/nuevalibertad.org\/?p=1928"},"modified":"2023-11-08T16:22:32","modified_gmt":"2023-11-08T16:22:32","slug":"aquel-laicismo-frances","status":"publish","type":"post","link":"https:\/\/nuevalibertad.org\/en\/aquel-laicismo-frances\/","title":{"rendered":"Aquel laicismo franc\u00e9s"},"content":{"rendered":"<div class=\"wp-block-cover aligncenter\"><span aria-hidden=\"true\" class=\"wp-block-cover__background has-background-dim\"><\/span><img fetchpriority=\"high\" decoding=\"async\" width=\"600\" height=\"800\" class=\"wp-block-cover__image-background wp-image-2064\" alt=\"\" src=\"https:\/\/nuevalibertad.org\/wp-content\/uploads\/2023\/10\/paris-torre-eiffel-1.jpeg\" data-object-fit=\"cover\" srcset=\"https:\/\/nuevalibertad.org\/wp-content\/uploads\/2023\/10\/paris-torre-eiffel-1.jpeg 600w, https:\/\/nuevalibertad.org\/wp-content\/uploads\/2023\/10\/paris-torre-eiffel-1-225x300.jpeg 225w, https:\/\/nuevalibertad.org\/wp-content\/uploads\/2023\/10\/paris-torre-eiffel-1-9x12.jpeg 9w\" sizes=\"(max-width: 600px) 100vw, 600px\" \/><div class=\"wp-block-cover__inner-container is-layout-flow wp-block-cover-is-layout-flow\">\n<p class=\"has-text-align-center has-large-font-size\"><\/p>\n<\/div><\/div>\n\n\n\n<p><\/p>\n\n\n\n<p>\u00bfQu\u00e9 est\u00e1 sucediendo en las escuelas francesas? Seg\u00fan un informe realizado por los servicios de inteligencia francesa, se alerta de la radicalizaci\u00f3n isl\u00e1mica en los colegios p\u00fablicos d\u00f3nde se describe una fricci\u00f3n de los valores republicanos del pa\u00eds y la pr\u00e1ctica del islam por parte de los ni\u00f1os musulmanes. Este informe al que calificaron de confidencial pero, sin embargo, fue revelado por radio Europe1, y que el Ministro de Educaci\u00f3n de Francia, Michel Blanquer tiene en su escritorio, comunica que aunque si bien parece una situaci\u00f3n estable, existen casos cada vez m\u00e1s dif\u00edciles de resolver de nivel religioso e impiden el normal desarrollo de la vida escolar.&nbsp;<\/p>\n\n\n\n<p>Como todos sabemos, Francia es un un pa\u00eds laico. Los colegios tienen prohibida la presencia de s\u00edmbolos religiosos en las aulas y, sin embargo <strong>y seg\u00fan la encuestadora Ifop, uno de cada dos estudiantes de secundaria, est\u00e1 a favor de llevar s\u00edmbolos religiosos visibles en sus escuelas p\u00fablicas, lo que choca frontalmente con la poblaci\u00f3n m\u00e1s adulta en general y sin duda deja expuesta una fractura generacional.<\/strong> Que extra\u00f1o suena todo, \u00bfverdad? , o quiz\u00e1s no tanto porque ver\u00e1n, Jean-Pierre Obin, que fue Inspector General de Educaci\u00f3n Nacional de 1990 a 2008, alert\u00f3 en 2004, a trav\u00e9s del \u201cInforme Obin\u201d al Ministro de Educaci\u00f3n Nacional de aquel entonces, sobre el avance en determinadas escuelas del pa\u00eds de ataques al secularismo e impugnaciones a determinadas ense\u00f1anzas por parte de los estudiantes, adem\u00e1s de cierta violencia ligada a la religi\u00f3n.&nbsp;<\/p>\n\n\n\n<p>Sin duda, un tema espinoso y delicado, muy delicado. Como caminar en un alambre y afilado. Una palabra de m\u00e1s o una palabra de menos y te pueden acusar de lo peor. Bien, <em>Monsieur <\/em>Obin, entendi\u00f3 que era su deber avisar y as\u00ed lo hizo. <strong>Por cierto, el \u201cInforme Obin\u201d, oficialmente se llamaba \u201c Signos y manifestaciones religiosas en las escuelas\u201d, y recordemos que Francia es laica hasta el tu\u00e9tano,<\/strong> y como he dicho antes, ninguna simbolog\u00eda religiosa es aceptada en las escuelas, la libertad de expresi\u00f3n es uno de los valores m\u00e1s defendidos en el pa\u00eds galo y que el delito de blasfemia no existe.&nbsp;<\/p>\n\n\n\n<p>Sigamos. Por entonces, Dominique Borne, tambi\u00e9n Inspector de Educaci\u00f3n Nacional de 1988 a 2005, pero que desde el 2002 ocupaba el cargo de Decano de la Inspeccion General de Educaci\u00f3n Nacional<em>, <\/em>comunic\u00f3 al nuevo Ministro Fran\u00e7ois Fillon (seg\u00fan el diario <em>Le Monde<\/em>) que; \u201cel informe de Obin no es un buen trabajo, ha sacado conclusiones generales de unos sesenta casos y eso es muy poco\u201d. \u00a1Qu\u00e9!, \u00bfC\u00f3mo lo ven? <strong>Yo hasta le imagino moviendo en el aire la mano, as\u00ed tipo barrido como quien aparta una mosca. Total, que el informe qued\u00f3 enterrado hasta que en marzo del 2005 se public\u00f3 como resultado de ciertas filtraciones a la prensa. <\/strong>En \u00e9l se pudo leer sobre el fen\u00f3meno del separatismo religioso especialmente entre los j\u00f3venes musulmanes franceses. Estas manifestaciones personales o colectivas, tend\u00edan a multiplicarse y diversificarse con rapidez en una fuerte din\u00e1mica pudiendo afectar los \u00e1mbitos de la vida personal, familiar y social, y por supuesto, en las instituciones educativas.&nbsp;<strong>Repito, hablamos del 2005. Hoy sabemos que el islamismo en Francia , en menos de 30 a\u00f1os ha crecido un 900% (citando datos de los servicios de inteligencia francesa) y que es el salafismo, la corriente m\u00e1s rigorista del Islam la que m\u00e1s se hace sentir entre los menores de 35 a\u00f1os. <\/strong>Ese informe que Obin entreg\u00f3 en aquel entonces, ya ofreci\u00f3 ejemplos estremecedores y desgraciadamente no se tomaron en cuenta. Se pusieron de perfil.&nbsp;<\/p>\n\n\n\n<p>En septiembre del a\u00f1o 2020, Jean-Pierre Obin presenta su libro, <em>Comment on a laiss\u00e9 l\u2019islamisme p\u00e9n\u00e9trer l\u2019ecole, <\/em>donde se pueden leer revelaciones inquietantes y se denuncian constantes ataques al laicismo en la escuela. A tal punto que el Ministro de Educaci\u00f3n Nacional actual, Jean-Michel Blanquer, apoy\u00f3 los an\u00e1lisis de Obin en una entrevista que le hizo <em>Le Point <\/em>diciendo lo siguiente; (les advierto que las declaraciones del MInistro pueden herir la sensibilidad de buenistas) \u201chay fuerzas para imponer un modelo de sociedad que no es el nuestro\u201d y aun gira m\u00e1s la tuerca diciendo \u201cno hubo complicidad a nivel estatal, sino una forma de pasividad a la que estoy tratando desde 2017 de ponerle fin\u201d.\u00a0<\/p>\n\n\n\n<p>En febrero de este a\u00f1o 2021, el Ministro le pide a Obin un informe con el prop\u00f3sito de promover y armonizar la formaci\u00f3n del personal docente en laicismo para luchar contra el separatismo, pues los profesores han llegado al punto de autocensurarse frente a la abundancia de objeciones de alumnos que recurren al Cor\u00e1n para intentar deslegitimar la ense\u00f1anza de \u201ceso o aquello\u201d. <strong>Si, lo que oyen amigos, algunos estudiantes musulmanes se niegan a estudiar la construcci\u00f3n de catedrales, a abrir el libro en un mapa donde pueda verse una iglesia bizantina, o a admitir la existencia de religiones preisl\u00e1micas en Egipto.<\/strong> En clase de matem\u00e1ticas, algunos estudiantes se niegan a usar cualquier s\u00edmbolo o cualquier figura que parezca una cruz (adi\u00f3s a las sumas?).<\/p>\n\n\n\n<figure class=\"wp-block-image aligncenter size-large\"><img decoding=\"async\" width=\"819\" height=\"1024\" src=\"https:\/\/nuevalibertad.org\/wp-content\/uploads\/2023\/10\/musulmanes-819x1024.jpg\" alt=\"\" class=\"wp-image-2067\" srcset=\"https:\/\/nuevalibertad.org\/wp-content\/uploads\/2023\/10\/musulmanes-819x1024.jpg 819w, https:\/\/nuevalibertad.org\/wp-content\/uploads\/2023\/10\/musulmanes-240x300.jpg 240w, https:\/\/nuevalibertad.org\/wp-content\/uploads\/2023\/10\/musulmanes-768x960.jpg 768w, https:\/\/nuevalibertad.org\/wp-content\/uploads\/2023\/10\/musulmanes-1229x1536.jpg 1229w, https:\/\/nuevalibertad.org\/wp-content\/uploads\/2023\/10\/musulmanes-1638x2048.jpg 1638w, https:\/\/nuevalibertad.org\/wp-content\/uploads\/2023\/10\/musulmanes-10x12.jpg 10w, https:\/\/nuevalibertad.org\/wp-content\/uploads\/2023\/10\/musulmanes-scaled.jpg 2048w\" sizes=\"(max-width: 819px) 100vw, 819px\" \/><\/figure>\n\n\n\n<p>El momento del almuerzo puede ser una pesadilla. Compa\u00f1eros que pueden llegar a insultar a otros de la misma religi\u00f3n porque no comen halal o negarse a sentarse con compa\u00f1eros que no profesan su credo y comen cerdo. <strong>Un equipo de f\u00fatbol de una secundaria del este de Francia, debi\u00f3 abandonar el campeonato nacional de f\u00fatbol sala porque la mitad del equipo observaba el ayuno. <\/strong>Madres de alumnos de la ciudad de Lille, que distribu\u00edan volantes exigiendo la separaci\u00f3n de ni\u00f1os y ni\u00f1as \u201cen nombre del Cor\u00e1n\u201d y como esto\u2026 multitud de ejemplos m\u00e1s.&nbsp;<\/p>\n\n\n\n<p>Voy a terminar de manera breve, casi abrupta. Y es que este tema da para escribir un mont\u00f3n pero me voy a contener o esta lectura ser\u00eda quijotesca y no querr\u00e1n leerme nunca m\u00e1s. En Francia hubo qui\u00e9nes advirtieron sobre lo que podr\u00eda pasar en las escuelas y pas\u00f3. <strong>Hoy lo que sucede es que se ha recrudecido porque cuando a\u00fan se pod\u00eda hacer algo, nada se hizo.<\/strong> Quieren \u201carreglar\u201d algo que fue advertido y a lo que no hicieron caso. No lo lograr\u00e1n. Espero que Espa\u00f1a no caiga en el mismo error, estamos a tiempo. Despu\u00e9s que no nos digan \u201cno se pod\u00eda saber\u201d.<\/p>\n\n\n\n<p>Bel\u00e9n de Le\u00f3n<\/p>\n\n\n\n<p>Directora NLG Francia<\/p>","protected":false},"excerpt":{"rendered":"<p>\u00bfQu\u00e9 est\u00e1 sucediendo en las escuelas francesas? Seg\u00fan un informe realizado por los servicios de inteligencia francesa, se alerta de la radicalizaci\u00f3n isl\u00e1mica en los colegios p\u00fablicos d\u00f3nde se describe una fricci\u00f3n de los valores republicanos del pa\u00eds y la pr\u00e1ctica del islam por parte de los ni\u00f1os musulmanes. Este informe al que calificaron de &hellip;<\/p>\n<p class=\"read-more\"> <a class=\"\" href=\"https:\/\/nuevalibertad.org\/en\/aquel-laicismo-frances\/\"> <span class=\"screen-reader-text\">Aquel laicismo franc\u00e9s<\/span> Read More &raquo;<\/a><\/p>","protected":false},"author":5,"featured_media":2064,"comment_status":"closed","ping_status":"closed","sticky":false,"template":"","format":"standard","meta":{"sfsi_plus_gutenberg_text_before_share":"","sfsi_plus_gutenberg_show_text_before_share":"","sfsi_plus_gutenberg_icon_type":"","sfsi_plus_gutenberg_icon_alignemt":"","sfsi_plus_gutenburg_max_per_row":"","site-sidebar-layout":"default","site-content-layout":"default","ast-global-header-display":"","ast-banner-title-visibility":"","ast-main-header-display":"","ast-hfb-above-header-display":"","ast-hfb-below-header-display":"","ast-hfb-mobile-header-display":"","site-post-title":"","ast-breadcrumbs-content":"","ast-featured-img":"","footer-sml-layout":"","theme-transparent-header-meta":"","adv-header-id-meta":"","stick-header-meta":"","header-above-stick-meta":"","header-main-stick-meta":"","header-below-stick-meta":"","_jetpack_memberships_contains_paid_content":false,"footnotes":""},"categories":[8,10],"tags":[33,29,30,31,32],"class_list":["post-1928","post","type-post","status-publish","format-standard","has-post-thumbnail","hentry","category-articulos","category-blog","tag-democracia","tag-laicismo","tag-libertad","tag-libertad-religiosa","tag-musulmanes"],"yoast_head":"<!-- This site is optimized with the Yoast SEO plugin v27.4 - https:\/\/yoast.com\/product\/yoast-seo-wordpress\/ -->\n<title>Aquel laicismo franc\u00e9s - Nueva Libertad y Gobierno<\/title>\n<meta name=\"robots\" content=\"index, follow, max-snippet:-1, max-image-preview:large, max-video-preview:-1\" \/>\n<link rel=\"canonical\" href=\"https:\/\/nuevalibertad.org\/en\/aquel-laicismo-frances\/\" \/>\n<meta property=\"og:locale\" content=\"en_US\" \/>\n<meta property=\"og:type\" content=\"article\" \/>\n<meta property=\"og:title\" content=\"Aquel laicismo franc\u00e9s - Nueva Libertad y Gobierno\" \/>\n<meta property=\"og:description\" content=\"\u00bfQu\u00e9 est\u00e1 sucediendo en las escuelas francesas? Seg\u00fan un informe realizado por los servicios de inteligencia francesa, se alerta de la radicalizaci\u00f3n isl\u00e1mica en los colegios p\u00fablicos d\u00f3nde se describe una fricci\u00f3n de los valores republicanos del pa\u00eds y la pr\u00e1ctica del islam por parte de los ni\u00f1os musulmanes. Este informe al que calificaron de &hellip; Aquel laicismo franc\u00e9s Read More &raquo;\" \/>\n<meta property=\"og:url\" content=\"https:\/\/nuevalibertad.org\/en\/aquel-laicismo-frances\/\" \/>\n<meta property=\"og:site_name\" content=\"Nueva Libertad y Gobierno\" \/>\n<meta property=\"article:published_time\" content=\"2023-09-28T15:44:19+00:00\" \/>\n<meta property=\"article:modified_time\" content=\"2023-11-08T16:22:32+00:00\" \/>\n<meta property=\"og:image\" content=\"https:\/\/nuevalibertad.org\/wp-content\/uploads\/2023\/10\/paris-torre-eiffel-1.jpeg\" \/>\n\t<meta property=\"og:image:width\" content=\"600\" \/>\n\t<meta property=\"og:image:height\" content=\"800\" \/>\n\t<meta property=\"og:image:type\" content=\"image\/jpeg\" \/>\n<meta name=\"author\" content=\"Belen\" \/>\n<meta name=\"twitter:card\" content=\"summary_large_image\" \/>\n<meta name=\"twitter:label1\" content=\"Written by\" \/>\n\t<meta name=\"twitter:data1\" content=\"Belen\" \/>\n\t<meta name=\"twitter:label2\" content=\"Est. reading time\" \/>\n\t<meta name=\"twitter:data2\" content=\"6 minutes\" \/>\n<script type=\"application\/ld+json\" class=\"yoast-schema-graph\">{\"@context\":\"https:\\\/\\\/schema.org\",\"@graph\":[{\"@type\":\"Article\",\"@id\":\"https:\\\/\\\/nuevalibertad.org\\\/aquel-laicismo-frances\\\/#article\",\"isPartOf\":{\"@id\":\"https:\\\/\\\/nuevalibertad.org\\\/aquel-laicismo-frances\\\/\"},\"author\":{\"name\":\"Belen\",\"@id\":\"https:\\\/\\\/nuevalibertad.org\\\/#\\\/schema\\\/person\\\/58e0449416aa3b1f1a5506b8765c1de7\"},\"headline\":\"Aquel laicismo franc\u00e9s\",\"datePublished\":\"2023-09-28T15:44:19+00:00\",\"dateModified\":\"2023-11-08T16:22:32+00:00\",\"mainEntityOfPage\":{\"@id\":\"https:\\\/\\\/nuevalibertad.org\\\/aquel-laicismo-frances\\\/\"},\"wordCount\":1117,\"publisher\":{\"@id\":\"https:\\\/\\\/nuevalibertad.org\\\/#organization\"},\"image\":{\"@id\":\"https:\\\/\\\/nuevalibertad.org\\\/aquel-laicismo-frances\\\/#primaryimage\"},\"thumbnailUrl\":\"https:\\\/\\\/nuevalibertad.org\\\/wp-content\\\/uploads\\\/2023\\\/10\\\/paris-torre-eiffel-1.jpeg\",\"keywords\":[\"democracia\",\"laicismo\",\"libertad\",\"libertad religiosa\",\"musulmanes\"],\"articleSection\":[\"Art\u00edculos\",\"Blog\"],\"inLanguage\":\"en-US\"},{\"@type\":\"WebPage\",\"@id\":\"https:\\\/\\\/nuevalibertad.org\\\/aquel-laicismo-frances\\\/\",\"url\":\"https:\\\/\\\/nuevalibertad.org\\\/aquel-laicismo-frances\\\/\",\"name\":\"Aquel laicismo franc\u00e9s - Nueva Libertad y Gobierno\",\"isPartOf\":{\"@id\":\"https:\\\/\\\/nuevalibertad.org\\\/#website\"},\"primaryImageOfPage\":{\"@id\":\"https:\\\/\\\/nuevalibertad.org\\\/aquel-laicismo-frances\\\/#primaryimage\"},\"image\":{\"@id\":\"https:\\\/\\\/nuevalibertad.org\\\/aquel-laicismo-frances\\\/#primaryimage\"},\"thumbnailUrl\":\"https:\\\/\\\/nuevalibertad.org\\\/wp-content\\\/uploads\\\/2023\\\/10\\\/paris-torre-eiffel-1.jpeg\",\"datePublished\":\"2023-09-28T15:44:19+00:00\",\"dateModified\":\"2023-11-08T16:22:32+00:00\",\"breadcrumb\":{\"@id\":\"https:\\\/\\\/nuevalibertad.org\\\/aquel-laicismo-frances\\\/#breadcrumb\"},\"inLanguage\":\"en-US\",\"potentialAction\":[{\"@type\":\"ReadAction\",\"target\":[\"https:\\\/\\\/nuevalibertad.org\\\/aquel-laicismo-frances\\\/\"]}]},{\"@type\":\"ImageObject\",\"inLanguage\":\"en-US\",\"@id\":\"https:\\\/\\\/nuevalibertad.org\\\/aquel-laicismo-frances\\\/#primaryimage\",\"url\":\"https:\\\/\\\/nuevalibertad.org\\\/wp-content\\\/uploads\\\/2023\\\/10\\\/paris-torre-eiffel-1.jpeg\",\"contentUrl\":\"https:\\\/\\\/nuevalibertad.org\\\/wp-content\\\/uploads\\\/2023\\\/10\\\/paris-torre-eiffel-1.jpeg\",\"width\":600,\"height\":800},{\"@type\":\"BreadcrumbList\",\"@id\":\"https:\\\/\\\/nuevalibertad.org\\\/aquel-laicismo-frances\\\/#breadcrumb\",\"itemListElement\":[{\"@type\":\"ListItem\",\"position\":1,\"name\":\"Portada\",\"item\":\"https:\\\/\\\/nuevalibertad.org\\\/\"},{\"@type\":\"ListItem\",\"position\":2,\"name\":\"Aquel laicismo franc\u00e9s\"}]},{\"@type\":\"WebSite\",\"@id\":\"https:\\\/\\\/nuevalibertad.org\\\/#website\",\"url\":\"https:\\\/\\\/nuevalibertad.org\\\/\",\"name\":\"Nueva Libertad y Gobierno\",\"description\":\"Enfocados en la direcci\u00f3n correcta\",\"publisher\":{\"@id\":\"https:\\\/\\\/nuevalibertad.org\\\/#organization\"},\"potentialAction\":[{\"@type\":\"SearchAction\",\"target\":{\"@type\":\"EntryPoint\",\"urlTemplate\":\"https:\\\/\\\/nuevalibertad.org\\\/?s={search_term_string}\"},\"query-input\":{\"@type\":\"PropertyValueSpecification\",\"valueRequired\":true,\"valueName\":\"search_term_string\"}}],\"inLanguage\":\"en-US\"},{\"@type\":\"Organization\",\"@id\":\"https:\\\/\\\/nuevalibertad.org\\\/#organization\",\"name\":\"Nueva Libertad y Gobierno\",\"url\":\"https:\\\/\\\/nuevalibertad.org\\\/\",\"logo\":{\"@type\":\"ImageObject\",\"inLanguage\":\"en-US\",\"@id\":\"https:\\\/\\\/nuevalibertad.org\\\/#\\\/schema\\\/logo\\\/image\\\/\",\"url\":\"https:\\\/\\\/nuevalibertad.org\\\/wp-content\\\/uploads\\\/2023\\\/07\\\/cropped-nlg-1.png\",\"contentUrl\":\"https:\\\/\\\/nuevalibertad.org\\\/wp-content\\\/uploads\\\/2023\\\/07\\\/cropped-nlg-1.png\",\"width\":321,\"height\":189,\"caption\":\"Nueva Libertad y Gobierno\"},\"image\":{\"@id\":\"https:\\\/\\\/nuevalibertad.org\\\/#\\\/schema\\\/logo\\\/image\\\/\"}},{\"@type\":\"Person\",\"@id\":\"https:\\\/\\\/nuevalibertad.org\\\/#\\\/schema\\\/person\\\/58e0449416aa3b1f1a5506b8765c1de7\",\"name\":\"Belen\",\"image\":{\"@type\":\"ImageObject\",\"inLanguage\":\"en-US\",\"@id\":\"https:\\\/\\\/secure.gravatar.com\\\/avatar\\\/533e31f8aa710261aff9f2411528b184cd8917224cc52f3a33f72d48a23315d6?s=96&d=mm&r=g\",\"url\":\"https:\\\/\\\/secure.gravatar.com\\\/avatar\\\/533e31f8aa710261aff9f2411528b184cd8917224cc52f3a33f72d48a23315d6?s=96&d=mm&r=g\",\"contentUrl\":\"https:\\\/\\\/secure.gravatar.com\\\/avatar\\\/533e31f8aa710261aff9f2411528b184cd8917224cc52f3a33f72d48a23315d6?s=96&d=mm&r=g\",\"caption\":\"Belen\"},\"url\":\"https:\\\/\\\/nuevalibertad.org\\\/en\\\/author\\\/belenleon70\\\/\"}]}<\/script>\n<!-- \/ Yoast SEO plugin. -->","yoast_head_json":{"title":"Aquel laicismo franc\u00e9s - Nueva Libertad y Gobierno","robots":{"index":"index","follow":"follow","max-snippet":"max-snippet:-1","max-image-preview":"max-image-preview:large","max-video-preview":"max-video-preview:-1"},"canonical":"https:\/\/nuevalibertad.org\/en\/aquel-laicismo-frances\/","og_locale":"en_US","og_type":"article","og_title":"Aquel laicismo franc\u00e9s - Nueva Libertad y Gobierno","og_description":"\u00bfQu\u00e9 est\u00e1 sucediendo en las escuelas francesas? Seg\u00fan un informe realizado por los servicios de inteligencia francesa, se alerta de la radicalizaci\u00f3n isl\u00e1mica en los colegios p\u00fablicos d\u00f3nde se describe una fricci\u00f3n de los valores republicanos del pa\u00eds y la pr\u00e1ctica del islam por parte de los ni\u00f1os musulmanes. Este informe al que calificaron de &hellip; Aquel laicismo franc\u00e9s Read More &raquo;","og_url":"https:\/\/nuevalibertad.org\/en\/aquel-laicismo-frances\/","og_site_name":"Nueva Libertad y Gobierno","article_published_time":"2023-09-28T15:44:19+00:00","article_modified_time":"2023-11-08T16:22:32+00:00","og_image":[{"width":600,"height":800,"url":"https:\/\/nuevalibertad.org\/wp-content\/uploads\/2023\/10\/paris-torre-eiffel-1.jpeg","type":"image\/jpeg"}],"author":"Belen","twitter_card":"summary_large_image","twitter_misc":{"Written by":"Belen","Est. reading time":"6 minutes"},"schema":{"@context":"https:\/\/schema.org","@graph":[{"@type":"Article","@id":"https:\/\/nuevalibertad.org\/aquel-laicismo-frances\/#article","isPartOf":{"@id":"https:\/\/nuevalibertad.org\/aquel-laicismo-frances\/"},"author":{"name":"Belen","@id":"https:\/\/nuevalibertad.org\/#\/schema\/person\/58e0449416aa3b1f1a5506b8765c1de7"},"headline":"Aquel laicismo franc\u00e9s","datePublished":"2023-09-28T15:44:19+00:00","dateModified":"2023-11-08T16:22:32+00:00","mainEntityOfPage":{"@id":"https:\/\/nuevalibertad.org\/aquel-laicismo-frances\/"},"wordCount":1117,"publisher":{"@id":"https:\/\/nuevalibertad.org\/#organization"},"image":{"@id":"https:\/\/nuevalibertad.org\/aquel-laicismo-frances\/#primaryimage"},"thumbnailUrl":"https:\/\/nuevalibertad.org\/wp-content\/uploads\/2023\/10\/paris-torre-eiffel-1.jpeg","keywords":["democracia","laicismo","libertad","libertad religiosa","musulmanes"],"articleSection":["Art\u00edculos","Blog"],"inLanguage":"en-US"},{"@type":"WebPage","@id":"https:\/\/nuevalibertad.org\/aquel-laicismo-frances\/","url":"https:\/\/nuevalibertad.org\/aquel-laicismo-frances\/","name":"Aquel laicismo franc\u00e9s - Nueva Libertad y Gobierno","isPartOf":{"@id":"https:\/\/nuevalibertad.org\/#website"},"primaryImageOfPage":{"@id":"https:\/\/nuevalibertad.org\/aquel-laicismo-frances\/#primaryimage"},"image":{"@id":"https:\/\/nuevalibertad.org\/aquel-laicismo-frances\/#primaryimage"},"thumbnailUrl":"https:\/\/nuevalibertad.org\/wp-content\/uploads\/2023\/10\/paris-torre-eiffel-1.jpeg","datePublished":"2023-09-28T15:44:19+00:00","dateModified":"2023-11-08T16:22:32+00:00","breadcrumb":{"@id":"https:\/\/nuevalibertad.org\/aquel-laicismo-frances\/#breadcrumb"},"inLanguage":"en-US","potentialAction":[{"@type":"ReadAction","target":["https:\/\/nuevalibertad.org\/aquel-laicismo-frances\/"]}]},{"@type":"ImageObject","inLanguage":"en-US","@id":"https:\/\/nuevalibertad.org\/aquel-laicismo-frances\/#primaryimage","url":"https:\/\/nuevalibertad.org\/wp-content\/uploads\/2023\/10\/paris-torre-eiffel-1.jpeg","contentUrl":"https:\/\/nuevalibertad.org\/wp-content\/uploads\/2023\/10\/paris-torre-eiffel-1.jpeg","width":600,"height":800},{"@type":"BreadcrumbList","@id":"https:\/\/nuevalibertad.org\/aquel-laicismo-frances\/#breadcrumb","itemListElement":[{"@type":"ListItem","position":1,"name":"Portada","item":"https:\/\/nuevalibertad.org\/"},{"@type":"ListItem","position":2,"name":"Aquel laicismo franc\u00e9s"}]},{"@type":"WebSite","@id":"https:\/\/nuevalibertad.org\/#website","url":"https:\/\/nuevalibertad.org\/","name":"Nueva Libertad y Gobierno","description":"Enfocados en la direcci\u00f3n correcta","publisher":{"@id":"https:\/\/nuevalibertad.org\/#organization"},"potentialAction":[{"@type":"SearchAction","target":{"@type":"EntryPoint","urlTemplate":"https:\/\/nuevalibertad.org\/?s={search_term_string}"},"query-input":{"@type":"PropertyValueSpecification","valueRequired":true,"valueName":"search_term_string"}}],"inLanguage":"en-US"},{"@type":"Organization","@id":"https:\/\/nuevalibertad.org\/#organization","name":"Nueva Libertad y Gobierno","url":"https:\/\/nuevalibertad.org\/","logo":{"@type":"ImageObject","inLanguage":"en-US","@id":"https:\/\/nuevalibertad.org\/#\/schema\/logo\/image\/","url":"https:\/\/nuevalibertad.org\/wp-content\/uploads\/2023\/07\/cropped-nlg-1.png","contentUrl":"https:\/\/nuevalibertad.org\/wp-content\/uploads\/2023\/07\/cropped-nlg-1.png","width":321,"height":189,"caption":"Nueva Libertad y Gobierno"},"image":{"@id":"https:\/\/nuevalibertad.org\/#\/schema\/logo\/image\/"}},{"@type":"Person","@id":"https:\/\/nuevalibertad.org\/#\/schema\/person\/58e0449416aa3b1f1a5506b8765c1de7","name":"Belen","image":{"@type":"ImageObject","inLanguage":"en-US","@id":"https:\/\/secure.gravatar.com\/avatar\/533e31f8aa710261aff9f2411528b184cd8917224cc52f3a33f72d48a23315d6?s=96&d=mm&r=g","url":"https:\/\/secure.gravatar.com\/avatar\/533e31f8aa710261aff9f2411528b184cd8917224cc52f3a33f72d48a23315d6?s=96&d=mm&r=g","contentUrl":"https:\/\/secure.gravatar.com\/avatar\/533e31f8aa710261aff9f2411528b184cd8917224cc52f3a33f72d48a23315d6?s=96&d=mm&r=g","caption":"Belen"},"url":"https:\/\/nuevalibertad.org\/en\/author\/belenleon70\/"}]}},"jetpack_featured_media_url":"https:\/\/nuevalibertad.org\/wp-content\/uploads\/2023\/10\/paris-torre-eiffel-1.jpeg","jetpack_sharing_enabled":true,"_links":{"self":[{"href":"https:\/\/nuevalibertad.org\/en\/wp-json\/wp\/v2\/posts\/1928","targetHints":{"allow":["GET"]}}],"collection":[{"href":"https:\/\/nuevalibertad.org\/en\/wp-json\/wp\/v2\/posts"}],"about":[{"href":"https:\/\/nuevalibertad.org\/en\/wp-json\/wp\/v2\/types\/post"}],"author":[{"embeddable":true,"href":"https:\/\/nuevalibertad.org\/en\/wp-json\/wp\/v2\/users\/5"}],"replies":[{"embeddable":true,"href":"https:\/\/nuevalibertad.org\/en\/wp-json\/wp\/v2\/comments?post=1928"}],"version-history":[{"count":17,"href":"https:\/\/nuevalibertad.org\/en\/wp-json\/wp\/v2\/posts\/1928\/revisions"}],"predecessor-version":[{"id":2204,"href":"https:\/\/nuevalibertad.org\/en\/wp-json\/wp\/v2\/posts\/1928\/revisions\/2204"}],"wp:featuredmedia":[{"embeddable":true,"href":"https:\/\/nuevalibertad.org\/en\/wp-json\/wp\/v2\/media\/2064"}],"wp:attachment":[{"href":"https:\/\/nuevalibertad.org\/en\/wp-json\/wp\/v2\/media?parent=1928"}],"wp:term":[{"taxonomy":"category","embeddable":true,"href":"https:\/\/nuevalibertad.org\/en\/wp-json\/wp\/v2\/categories?post=1928"},{"taxonomy":"post_tag","embeddable":true,"href":"https:\/\/nuevalibertad.org\/en\/wp-json\/wp\/v2\/tags?post=1928"}],"curies":[{"name":"wp","href":"https:\/\/api.w.org\/{rel}","templated":true}]}}