{"id":2352,"date":"2024-03-06T14:21:11","date_gmt":"2024-03-06T14:21:11","guid":{"rendered":"https:\/\/nuevalibertad.org\/?p=2352"},"modified":"2024-03-07T06:56:13","modified_gmt":"2024-03-07T06:56:13","slug":"macron-blinda-el-derecho-al-aborto-en-la-constitucion-a-la-vez-fomenta-la-natalidad-por-encontrarse-en-la-tasa-mas-baja-desde-el-fin-de-la-segunda-guerra-mundial","status":"publish","type":"post","link":"https:\/\/nuevalibertad.org\/en\/macron-blinda-el-derecho-al-aborto-en-la-constitucion-a-la-vez-fomenta-la-natalidad-por-encontrarse-en-la-tasa-mas-baja-desde-el-fin-de-la-segunda-guerra-mundial\/","title":{"rendered":"Macron blinda el derecho al aborto en la Constituci\u00f3n, a la vez fomenta la natalidad por encontrarse en la tasa m\u00e1s baja desde el fin de la Segunda Guerra Mundial."},"content":{"rendered":"<p><\/p>\n\n\n\n<figure class=\"wp-block-image aligncenter size-large is-resized\"><img fetchpriority=\"high\" decoding=\"async\" width=\"1024\" height=\"576\" src=\"https:\/\/nuevalibertad.org\/wp-content\/uploads\/2024\/03\/foto2articulo-1024x576.webp\" alt=\"\" class=\"wp-image-2358\" style=\"width:378px;height:auto\" srcset=\"https:\/\/nuevalibertad.org\/wp-content\/uploads\/2024\/03\/foto2articulo-1024x576.webp 1024w, https:\/\/nuevalibertad.org\/wp-content\/uploads\/2024\/03\/foto2articulo-800x450.webp 800w, https:\/\/nuevalibertad.org\/wp-content\/uploads\/2024\/03\/foto2articulo-768x432.webp 768w, https:\/\/nuevalibertad.org\/wp-content\/uploads\/2024\/03\/foto2articulo-1536x864.webp 1536w, https:\/\/nuevalibertad.org\/wp-content\/uploads\/2024\/03\/foto2articulo-18x10.webp 18w, https:\/\/nuevalibertad.org\/wp-content\/uploads\/2024\/03\/foto2articulo.webp 1600w\" sizes=\"(max-width: 1024px) 100vw, 1024px\" \/><figcaption class=\"wp-element-caption\"><em>C\u00e1mara del Parlamento franc\u00e9s, sesi\u00f3n extraordinaria en el Palacio de Versalles<\/em><\/figcaption><\/figure>\n\n\n\n<p>Legisladores de ambas c\u00e1maras del Parlamento franc\u00e9s, reunidos en una sesi\u00f3n extraordinaria en el Palacio de Versalles, aprobaron por amplia mayor\u00eda la inclusi\u00f3n del derecho al aborto en la Constituci\u00f3n<\/p>\n\n\n\n<p>La modificaci\u00f3n constitucional es muy breve pero importante, porque <strong>blinda el derecho al aborto y hace muy dif\u00edcil que un Gobierno que est\u00e9 en contra pueda aprobar en el futuro una ley que lo declarare ilegal<\/strong>. \u00abLa ley determina las condiciones en las cuales se ejerce la libertad garantizada a la mujer de recurrir a la interrupci\u00f3n voluntaria del embarazo\u00bb, dice el texto a\u00f1adido a la Constituci\u00f3n que estar\u00e1 recogido en el art\u00edculo 34<\/p>\n\n\n\n<p>La votaci\u00f3n fue recibida con aplausos y celebraciones, marcando un hito hist\u00f3rico a nivel mundial, con un mensaje contundente: <strong>la libertad de decisi\u00f3n de las mujeres sobre su propio cuerpo es inquebrantable, independientemente del panorama pol\u00edtico<\/strong>. Inicialmente, el texto propuesto por los diputados en la Asamblea Nacional hablaba del derecho al aborto, pero hubo resistencia de algunos sectores que alegaron que iba a contravenir <strong>el derecho a la objeci\u00f3n de conciencia, reconocido tambi\u00e9n en Francia<\/strong>. Por eso el texto que finalmente se aprob\u00f3 habla de \u201cla libertad garantizada\u201d para acceder a la interrupci\u00f3n de un embarazo. Incluso Marine Le Pen, respald\u00f3 la reforma constitucional que aprueba la inclusi\u00f3n del derecho al aborto, ya que de este modo, seg\u00fan algunos analistas, se da la oportunidad de crear simpat\u00edas en un electorado de derechas que apoyaban la reforma, y reflejando un raro consenso en el espectro pol\u00edtico franc\u00e9s . De este modo voto una enmienda, que requer\u00eda el apoyo de tres quintos de los legisladores, garantiza el derecho al aborto y <strong>dificulta su reversi\u00f3n por parte de futuros gobiernos<\/strong>. En palabras del presidente Macron \u201ceste 2024 la libertad de las mujeres de recurrir al aborto ser\u00e1 \u00abirreversible\u00bb<\/p>\n\n\n\n<p>Aun as\u00ed para muchas mujeres pol\u00edticas de la izquierda francesa, el camino por delante a\u00fan es largo, pues aspiran a llevar el texto galo a la Carta de los Derechos Fundamentales de la UE. \u00abVamos a celebrar una victoria hist\u00f3rica y ma\u00f1ana volveremos a la batalla\u00bb, dijo Mathilde Panot, diputada de la Francia Insumisa a los periodistas, visiblemente conmovida tras la votaci\u00f3n.<\/p>\n\n\n\n<p>Seg\u00fan Benjamin Morel, experto en derecho constitucional, ser\u00e1n necesarios \u00abde cinco a diez a\u00f1os\u00bb para medir el alcance jur\u00eddico de la inclusi\u00f3n en la Constituci\u00f3n de la \u00ablibertad garantizada\u00bb de recurrir al aborto.<\/p>\n\n\n\n<p class=\"has-text-align-left\"><strong>\u00abEl alcance de esta reforma es todav\u00eda muy vago. Lo que sabemos es que no podemos dar marcha atr\u00e1s en el derecho al aborto. Ma\u00f1ana, una ley que fuese en contra de la Interrupci\u00f3n Voluntaria del Embarazo (IVE) ser\u00eda considerada&nbsp;a priori&nbsp;como inconstitucional\u00bb<\/strong><\/p>\n\n\n\n<figure class=\"wp-block-image alignright size-large is-resized\"><img decoding=\"async\" width=\"819\" height=\"1024\" src=\"https:\/\/nuevalibertad.org\/wp-content\/uploads\/2024\/03\/fotoarticulo-2-819x1024.jpg\" alt=\"\" class=\"wp-image-2356\" style=\"width:253px;height:auto\" srcset=\"https:\/\/nuevalibertad.org\/wp-content\/uploads\/2024\/03\/fotoarticulo-2-819x1024.jpg 819w, https:\/\/nuevalibertad.org\/wp-content\/uploads\/2024\/03\/fotoarticulo-2-640x800.jpg 640w, https:\/\/nuevalibertad.org\/wp-content\/uploads\/2024\/03\/fotoarticulo-2-768x960.jpg 768w, https:\/\/nuevalibertad.org\/wp-content\/uploads\/2024\/03\/fotoarticulo-2-10x12.jpg 10w, https:\/\/nuevalibertad.org\/wp-content\/uploads\/2024\/03\/fotoarticulo-2.jpg 960w\" sizes=\"(max-width: 819px) 100vw, 819px\" \/><\/figure>\n\n\n\n<p>De este modo,Francia se convirti\u00f3 en el primer pa\u00eds del mundo en proteger el derecho al aborto en la constituci\u00f3n donde el aborto ya era legal desde 1974 . El Parlamento le dio luz verde en su aprobaci\u00f3n final, y ahora la Carta Magna de la naci\u00f3n consagrar\u00e1 por escrito que las mujeres pueden ejercer la \u00ablibertad garantizada\u00bb de una interrupci\u00f3n voluntaria del embarazo<strong><\/strong><\/p>\n\n\n\n<p>A la reforma, programada para su promulgaci\u00f3n el 8 de marzo d\u00eda internacional de la mujer, est\u00e1n invitados todos los franceses siendo asi la primera vez en la historia que la ceremonia de \u201csellamiento\u201d de la Constitucion ser\u00e1 abierta al publico.<\/p>\n\n\n\n<p><strong>Mientras tanto la natalidad francesa, esta en su nivel mas bajo alcanzando un m\u00ednimo hist\u00f3rico desde el fin de la Segunda Guerra Mundial<\/strong>. Informes recientes publicados en febrero de 2024, el n\u00famero de nacimientos ha disminuido en un 6,6% durante el a\u00f1o 2023, descendiendo por primera vez por debajo de los 700,000, una cifra emblem\u00e1tica desde el fin de la guerra. Este preocupante panorama ha llevado al presidente Emmanuel Macron a expresar su inquietud por el futuro demogr\u00e1fico del pa\u00eds. Con una media de nacimientos de 678,000 beb\u00e9s, la cifra m\u00e1s baja registrada, y <strong>Macron ha instado a los ciudadanos a aumentar la tasa de natalidad para contrarrestar esta \u00abamenaza nacional\u00bb.<\/strong><\/p>\n\n\n\n<p>El presidente Macron ha destacado que fortalecer la natalidad ser\u00e1 crucial para el futuro de Francia. Ha lamentado el retraso cada vez mayor en la decisi\u00f3n de tener hijos y ha prometido trabajar en un plan que incluya financiamiento adicional para investigar casos de infertilidad, ofreciendo esperanza a las parejas que enfrentan este desaf\u00edo.<\/p>\n\n\n\n<p><strong>Importante, es se\u00f1alar que en 2022 se registraron 234,300 abortos en Francia, la cifra m\u00e1s alta en 30 a\u00f1os, con un 78% de ellos realizados mediante la ingesta de p\u00edldoras<\/strong>. Esta realidad alarmante ha llevado al gobierno de Macron a llamar a un \u00abrearme demogr\u00e1fico\u00bb para revertir la tendencia a la baja en la natalidad.<\/p>\n\n\n\n<p>Con la intenci\u00f3n de abordar este importante problema, el gobierno pronto ofrecer\u00e1 a los ciudadanos franceses mayores de 25 a\u00f1os un control de fertilidad, destinado a detectar posibles signos de infertilidad entre las j\u00f3venes. Esta medida, seg\u00fan ministros del gobierno, busca tambi\u00e9n sensibilizar sobre la importancia de la maternidad y la paternidad. Adem\u00e1s, tanto esta prueba como los m\u00e9todos anticonceptivos para j\u00f3venes de 15 a 18 a\u00f1os, aprobados en 2013 durante la presidencia de Fran\u00e7ois Hollande, ser\u00e1n gratuitos a trav\u00e9s del sistema de seguridad social franc\u00e9s.<\/p>\n\n\n\n<figure class=\"wp-block-image aligncenter size-full is-resized\"><img decoding=\"async\" width=\"826\" height=\"551\" src=\"https:\/\/nuevalibertad.org\/wp-content\/uploads\/2024\/03\/madre-rostro-bebe-desnudo-bebe-sosteniendo-dedo-mama-mama-pasando-tiempo-su-pequeno-hijo-sobre-fondo-claro_176532-13966-1.jpg\" alt=\"\" class=\"wp-image-2357\" style=\"width:254px;height:auto\" srcset=\"https:\/\/nuevalibertad.org\/wp-content\/uploads\/2024\/03\/madre-rostro-bebe-desnudo-bebe-sosteniendo-dedo-mama-mama-pasando-tiempo-su-pequeno-hijo-sobre-fondo-claro_176532-13966-1.jpg 826w, https:\/\/nuevalibertad.org\/wp-content\/uploads\/2024\/03\/madre-rostro-bebe-desnudo-bebe-sosteniendo-dedo-mama-mama-pasando-tiempo-su-pequeno-hijo-sobre-fondo-claro_176532-13966-1-800x534.jpg 800w, https:\/\/nuevalibertad.org\/wp-content\/uploads\/2024\/03\/madre-rostro-bebe-desnudo-bebe-sosteniendo-dedo-mama-mama-pasando-tiempo-su-pequeno-hijo-sobre-fondo-claro_176532-13966-1-768x512.jpg 768w, https:\/\/nuevalibertad.org\/wp-content\/uploads\/2024\/03\/madre-rostro-bebe-desnudo-bebe-sosteniendo-dedo-mama-mama-pasando-tiempo-su-pequeno-hijo-sobre-fondo-claro_176532-13966-1-18x12.jpg 18w\" sizes=\"(max-width: 826px) 100vw, 826px\" \/><\/figure>\n\n\n\n<p>Esta baja natalidad en Francia, aunque afecta a otros pa\u00edses igualmente en Europa, se atribuye a una variedad de factores seg\u00fan varios estudios. La precariedad laboral, los altos costos de vida y la ausencia de pol\u00edticas de apoyo a la maternidad. Adem\u00e1s, la creciente conciencia ambiental entre las nuevas generaciones ha influido en las decisiones de planificaci\u00f3n familiar, evidenciando la complejidad de esta problem\u00e1tica y la necesidad de abordarla de manera integral.<\/p>\n\n\n\n<p>La incoherencia esta servida. La evoluci\u00f3n cultural y civilizadora, revela un fen\u00f3meno preocupante en la erosi\u00f3n de valores fundamentales que han sustentado sociedades a lo largo de la historia. Se percibe una tendencia hacia la tolerancia e incluso, la promoci\u00f3n de la interrupci\u00f3n de los embarazos, al tiempo que se llama a los franceses a la responsabilidad de procreaci\u00f3n por parad\u00f3jicamente el mismo gobierno, que quiere impulsar un rearme demogr\u00e1fico concienciando a la sociedad a tener mas hijos, para revertir el nivel mas bajo de nacimientos que se conoce desde el fin de la Segunda Guerra Mundial.<\/p>\n\n\n\n<p>Bel\u00e9n de Le\u00f3n <\/p>\n\n\n\n<p>Directora de NLG Francia <\/p>\n\n\n\n<p>Consejera y Relaciones Institucionales <a href=\"https:\/\/nuevalibertad.org\/en\/publicaciones\/\">NLG<\/a><\/p>","protected":false},"excerpt":{"rendered":"<p>Legisladores de ambas c\u00e1maras del Parlamento franc\u00e9s, reunidos en una sesi\u00f3n extraordinaria en el Palacio de Versalles, aprobaron por amplia mayor\u00eda la inclusi\u00f3n del derecho al aborto en la Constituci\u00f3n La modificaci\u00f3n constitucional es muy breve pero importante, porque blinda el derecho al aborto y hace muy dif\u00edcil que un Gobierno que est\u00e9 en contra &hellip;<\/p>\n<p class=\"read-more\"> <a class=\"\" href=\"https:\/\/nuevalibertad.org\/en\/macron-blinda-el-derecho-al-aborto-en-la-constitucion-a-la-vez-fomenta-la-natalidad-por-encontrarse-en-la-tasa-mas-baja-desde-el-fin-de-la-segunda-guerra-mundial\/\"> <span class=\"screen-reader-text\">Macron blinda el derecho al aborto en la Constituci\u00f3n, a la vez fomenta la natalidad por encontrarse en la tasa m\u00e1s baja desde el fin de la Segunda Guerra Mundial.<\/span> Read More &raquo;<\/a><\/p>","protected":false},"author":5,"featured_media":2358,"comment_status":"closed","ping_status":"closed","sticky":false,"template":"","format":"standard","meta":{"sfsi_plus_gutenberg_text_before_share":"","sfsi_plus_gutenberg_show_text_before_share":"","sfsi_plus_gutenberg_icon_type":"","sfsi_plus_gutenberg_icon_alignemt":"","sfsi_plus_gutenburg_max_per_row":"","site-sidebar-layout":"default","site-content-layout":"default","ast-global-header-display":"","ast-banner-title-visibility":"","ast-main-header-display":"","ast-hfb-above-header-display":"","ast-hfb-below-header-display":"","ast-hfb-mobile-header-display":"","site-post-title":"","ast-breadcrumbs-content":"","ast-featured-img":"","footer-sml-layout":"","theme-transparent-header-meta":"","adv-header-id-meta":"","stick-header-meta":"","header-above-stick-meta":"","header-main-stick-meta":"","header-below-stick-meta":"","_jetpack_memberships_contains_paid_content":false,"footnotes":""},"categories":[8,10],"tags":[45,37],"class_list":["post-2352","post","type-post","status-publish","format-standard","has-post-thumbnail","hentry","category-articulos","category-blog","tag-internacional","tag-mujeres"],"yoast_head":"<!-- This site is optimized with the Yoast SEO plugin v27.5 - https:\/\/yoast.com\/product\/yoast-seo-wordpress\/ -->\n<title>Macron blinda el derecho al aborto en la Constituci\u00f3n, a la vez fomenta la natalidad por encontrarse en la tasa m\u00e1s baja desde el fin de la Segunda Guerra Mundial. - Nueva Libertad y Gobierno<\/title>\n<meta name=\"robots\" content=\"index, follow, max-snippet:-1, max-image-preview:large, max-video-preview:-1\" \/>\n<link rel=\"canonical\" href=\"https:\/\/nuevalibertad.org\/en\/macron-blinda-el-derecho-al-aborto-en-la-constitucion-a-la-vez-fomenta-la-natalidad-por-encontrarse-en-la-tasa-mas-baja-desde-el-fin-de-la-segunda-guerra-mundial\/\" \/>\n<meta property=\"og:locale\" content=\"en_US\" \/>\n<meta property=\"og:type\" content=\"article\" \/>\n<meta property=\"og:title\" content=\"Macron blinda el derecho al aborto en la Constituci\u00f3n, a la vez fomenta la natalidad por encontrarse en la tasa m\u00e1s baja desde el fin de la Segunda Guerra Mundial. - Nueva Libertad y Gobierno\" \/>\n<meta property=\"og:description\" content=\"Legisladores de ambas c\u00e1maras del Parlamento franc\u00e9s, reunidos en una sesi\u00f3n extraordinaria en el Palacio de Versalles, aprobaron por amplia mayor\u00eda la inclusi\u00f3n del derecho al aborto en la Constituci\u00f3n La modificaci\u00f3n constitucional es muy breve pero importante, porque blinda el derecho al aborto y hace muy dif\u00edcil que un Gobierno que est\u00e9 en contra &hellip; Macron blinda el derecho al aborto en la Constituci\u00f3n, a la vez fomenta la natalidad por encontrarse en la tasa m\u00e1s baja desde el fin de la Segunda Guerra Mundial. Read More &raquo;\" \/>\n<meta property=\"og:url\" content=\"https:\/\/nuevalibertad.org\/en\/macron-blinda-el-derecho-al-aborto-en-la-constitucion-a-la-vez-fomenta-la-natalidad-por-encontrarse-en-la-tasa-mas-baja-desde-el-fin-de-la-segunda-guerra-mundial\/\" \/>\n<meta property=\"og:site_name\" content=\"Nueva Libertad y Gobierno\" \/>\n<meta property=\"article:published_time\" content=\"2024-03-06T14:21:11+00:00\" \/>\n<meta property=\"article:modified_time\" content=\"2024-03-07T06:56:13+00:00\" \/>\n<meta property=\"og:image\" content=\"https:\/\/nuevalibertad.org\/wp-content\/uploads\/2024\/03\/foto2articulo.webp\" \/>\n\t<meta property=\"og:image:width\" content=\"1600\" \/>\n\t<meta property=\"og:image:height\" content=\"900\" \/>\n\t<meta property=\"og:image:type\" content=\"image\/webp\" \/>\n<meta name=\"author\" content=\"Belen\" \/>\n<meta name=\"twitter:card\" content=\"summary_large_image\" \/>\n<meta name=\"twitter:label1\" content=\"Written by\" \/>\n\t<meta name=\"twitter:data1\" content=\"Belen\" \/>\n\t<meta name=\"twitter:label2\" content=\"Est. reading time\" \/>\n\t<meta name=\"twitter:data2\" content=\"6 minutes\" \/>\n<script type=\"application\/ld+json\" class=\"yoast-schema-graph\">{\"@context\":\"https:\\\/\\\/schema.org\",\"@graph\":[{\"@type\":\"Article\",\"@id\":\"https:\\\/\\\/nuevalibertad.org\\\/macron-blinda-el-derecho-al-aborto-en-la-constitucion-a-la-vez-fomenta-la-natalidad-por-encontrarse-en-la-tasa-mas-baja-desde-el-fin-de-la-segunda-guerra-mundial\\\/#article\",\"isPartOf\":{\"@id\":\"https:\\\/\\\/nuevalibertad.org\\\/macron-blinda-el-derecho-al-aborto-en-la-constitucion-a-la-vez-fomenta-la-natalidad-por-encontrarse-en-la-tasa-mas-baja-desde-el-fin-de-la-segunda-guerra-mundial\\\/\"},\"author\":{\"name\":\"Belen\",\"@id\":\"https:\\\/\\\/nuevalibertad.org\\\/#\\\/schema\\\/person\\\/58e0449416aa3b1f1a5506b8765c1de7\"},\"headline\":\"Macron blinda el derecho al aborto en la Constituci\u00f3n, a la vez fomenta la natalidad por encontrarse en la tasa m\u00e1s baja desde el fin de la Segunda Guerra Mundial.\",\"datePublished\":\"2024-03-06T14:21:11+00:00\",\"dateModified\":\"2024-03-07T06:56:13+00:00\",\"mainEntityOfPage\":{\"@id\":\"https:\\\/\\\/nuevalibertad.org\\\/macron-blinda-el-derecho-al-aborto-en-la-constitucion-a-la-vez-fomenta-la-natalidad-por-encontrarse-en-la-tasa-mas-baja-desde-el-fin-de-la-segunda-guerra-mundial\\\/\"},\"wordCount\":1155,\"publisher\":{\"@id\":\"https:\\\/\\\/nuevalibertad.org\\\/#organization\"},\"image\":{\"@id\":\"https:\\\/\\\/nuevalibertad.org\\\/macron-blinda-el-derecho-al-aborto-en-la-constitucion-a-la-vez-fomenta-la-natalidad-por-encontrarse-en-la-tasa-mas-baja-desde-el-fin-de-la-segunda-guerra-mundial\\\/#primaryimage\"},\"thumbnailUrl\":\"https:\\\/\\\/nuevalibertad.org\\\/wp-content\\\/uploads\\\/2024\\\/03\\\/foto2articulo.webp\",\"keywords\":[\"Internacional\",\"mujeres\"],\"articleSection\":[\"Art\u00edculos\",\"Blog\"],\"inLanguage\":\"en-US\"},{\"@type\":\"WebPage\",\"@id\":\"https:\\\/\\\/nuevalibertad.org\\\/macron-blinda-el-derecho-al-aborto-en-la-constitucion-a-la-vez-fomenta-la-natalidad-por-encontrarse-en-la-tasa-mas-baja-desde-el-fin-de-la-segunda-guerra-mundial\\\/\",\"url\":\"https:\\\/\\\/nuevalibertad.org\\\/macron-blinda-el-derecho-al-aborto-en-la-constitucion-a-la-vez-fomenta-la-natalidad-por-encontrarse-en-la-tasa-mas-baja-desde-el-fin-de-la-segunda-guerra-mundial\\\/\",\"name\":\"Macron blinda el derecho al aborto en la Constituci\u00f3n, a la vez fomenta la natalidad por encontrarse en la tasa m\u00e1s baja desde el fin de la Segunda Guerra Mundial. - Nueva Libertad y Gobierno\",\"isPartOf\":{\"@id\":\"https:\\\/\\\/nuevalibertad.org\\\/#website\"},\"primaryImageOfPage\":{\"@id\":\"https:\\\/\\\/nuevalibertad.org\\\/macron-blinda-el-derecho-al-aborto-en-la-constitucion-a-la-vez-fomenta-la-natalidad-por-encontrarse-en-la-tasa-mas-baja-desde-el-fin-de-la-segunda-guerra-mundial\\\/#primaryimage\"},\"image\":{\"@id\":\"https:\\\/\\\/nuevalibertad.org\\\/macron-blinda-el-derecho-al-aborto-en-la-constitucion-a-la-vez-fomenta-la-natalidad-por-encontrarse-en-la-tasa-mas-baja-desde-el-fin-de-la-segunda-guerra-mundial\\\/#primaryimage\"},\"thumbnailUrl\":\"https:\\\/\\\/nuevalibertad.org\\\/wp-content\\\/uploads\\\/2024\\\/03\\\/foto2articulo.webp\",\"datePublished\":\"2024-03-06T14:21:11+00:00\",\"dateModified\":\"2024-03-07T06:56:13+00:00\",\"breadcrumb\":{\"@id\":\"https:\\\/\\\/nuevalibertad.org\\\/macron-blinda-el-derecho-al-aborto-en-la-constitucion-a-la-vez-fomenta-la-natalidad-por-encontrarse-en-la-tasa-mas-baja-desde-el-fin-de-la-segunda-guerra-mundial\\\/#breadcrumb\"},\"inLanguage\":\"en-US\",\"potentialAction\":[{\"@type\":\"ReadAction\",\"target\":[\"https:\\\/\\\/nuevalibertad.org\\\/macron-blinda-el-derecho-al-aborto-en-la-constitucion-a-la-vez-fomenta-la-natalidad-por-encontrarse-en-la-tasa-mas-baja-desde-el-fin-de-la-segunda-guerra-mundial\\\/\"]}]},{\"@type\":\"ImageObject\",\"inLanguage\":\"en-US\",\"@id\":\"https:\\\/\\\/nuevalibertad.org\\\/macron-blinda-el-derecho-al-aborto-en-la-constitucion-a-la-vez-fomenta-la-natalidad-por-encontrarse-en-la-tasa-mas-baja-desde-el-fin-de-la-segunda-guerra-mundial\\\/#primaryimage\",\"url\":\"https:\\\/\\\/nuevalibertad.org\\\/wp-content\\\/uploads\\\/2024\\\/03\\\/foto2articulo.webp\",\"contentUrl\":\"https:\\\/\\\/nuevalibertad.org\\\/wp-content\\\/uploads\\\/2024\\\/03\\\/foto2articulo.webp\",\"width\":1600,\"height\":900},{\"@type\":\"BreadcrumbList\",\"@id\":\"https:\\\/\\\/nuevalibertad.org\\\/macron-blinda-el-derecho-al-aborto-en-la-constitucion-a-la-vez-fomenta-la-natalidad-por-encontrarse-en-la-tasa-mas-baja-desde-el-fin-de-la-segunda-guerra-mundial\\\/#breadcrumb\",\"itemListElement\":[{\"@type\":\"ListItem\",\"position\":1,\"name\":\"Portada\",\"item\":\"https:\\\/\\\/nuevalibertad.org\\\/\"},{\"@type\":\"ListItem\",\"position\":2,\"name\":\"Macron blinda el derecho al aborto en la Constituci\u00f3n, a la vez fomenta la natalidad por encontrarse en la tasa m\u00e1s baja desde el fin de la Segunda Guerra Mundial.\"}]},{\"@type\":\"WebSite\",\"@id\":\"https:\\\/\\\/nuevalibertad.org\\\/#website\",\"url\":\"https:\\\/\\\/nuevalibertad.org\\\/\",\"name\":\"Nueva Libertad y Gobierno\",\"description\":\"Enfocados en la direcci\u00f3n correcta\",\"publisher\":{\"@id\":\"https:\\\/\\\/nuevalibertad.org\\\/#organization\"},\"potentialAction\":[{\"@type\":\"SearchAction\",\"target\":{\"@type\":\"EntryPoint\",\"urlTemplate\":\"https:\\\/\\\/nuevalibertad.org\\\/?s={search_term_string}\"},\"query-input\":{\"@type\":\"PropertyValueSpecification\",\"valueRequired\":true,\"valueName\":\"search_term_string\"}}],\"inLanguage\":\"en-US\"},{\"@type\":\"Organization\",\"@id\":\"https:\\\/\\\/nuevalibertad.org\\\/#organization\",\"name\":\"Nueva Libertad y Gobierno\",\"url\":\"https:\\\/\\\/nuevalibertad.org\\\/\",\"logo\":{\"@type\":\"ImageObject\",\"inLanguage\":\"en-US\",\"@id\":\"https:\\\/\\\/nuevalibertad.org\\\/#\\\/schema\\\/logo\\\/image\\\/\",\"url\":\"https:\\\/\\\/nuevalibertad.org\\\/wp-content\\\/uploads\\\/2023\\\/07\\\/cropped-nlg-1.png\",\"contentUrl\":\"https:\\\/\\\/nuevalibertad.org\\\/wp-content\\\/uploads\\\/2023\\\/07\\\/cropped-nlg-1.png\",\"width\":321,\"height\":189,\"caption\":\"Nueva Libertad y Gobierno\"},\"image\":{\"@id\":\"https:\\\/\\\/nuevalibertad.org\\\/#\\\/schema\\\/logo\\\/image\\\/\"}},{\"@type\":\"Person\",\"@id\":\"https:\\\/\\\/nuevalibertad.org\\\/#\\\/schema\\\/person\\\/58e0449416aa3b1f1a5506b8765c1de7\",\"name\":\"Belen\",\"image\":{\"@type\":\"ImageObject\",\"inLanguage\":\"en-US\",\"@id\":\"https:\\\/\\\/secure.gravatar.com\\\/avatar\\\/533e31f8aa710261aff9f2411528b184cd8917224cc52f3a33f72d48a23315d6?s=96&d=mm&r=g\",\"url\":\"https:\\\/\\\/secure.gravatar.com\\\/avatar\\\/533e31f8aa710261aff9f2411528b184cd8917224cc52f3a33f72d48a23315d6?s=96&d=mm&r=g\",\"contentUrl\":\"https:\\\/\\\/secure.gravatar.com\\\/avatar\\\/533e31f8aa710261aff9f2411528b184cd8917224cc52f3a33f72d48a23315d6?s=96&d=mm&r=g\",\"caption\":\"Belen\"},\"url\":\"https:\\\/\\\/nuevalibertad.org\\\/en\\\/author\\\/belenleon70\\\/\"}]}<\/script>\n<!-- \/ Yoast SEO plugin. -->","yoast_head_json":{"title":"Macron blinda el derecho al aborto en la Constituci\u00f3n, a la vez fomenta la natalidad por encontrarse en la tasa m\u00e1s baja desde el fin de la Segunda Guerra Mundial. - Nueva Libertad y Gobierno","robots":{"index":"index","follow":"follow","max-snippet":"max-snippet:-1","max-image-preview":"max-image-preview:large","max-video-preview":"max-video-preview:-1"},"canonical":"https:\/\/nuevalibertad.org\/en\/macron-blinda-el-derecho-al-aborto-en-la-constitucion-a-la-vez-fomenta-la-natalidad-por-encontrarse-en-la-tasa-mas-baja-desde-el-fin-de-la-segunda-guerra-mundial\/","og_locale":"en_US","og_type":"article","og_title":"Macron blinda el derecho al aborto en la Constituci\u00f3n, a la vez fomenta la natalidad por encontrarse en la tasa m\u00e1s baja desde el fin de la Segunda Guerra Mundial. - Nueva Libertad y Gobierno","og_description":"Legisladores de ambas c\u00e1maras del Parlamento franc\u00e9s, reunidos en una sesi\u00f3n extraordinaria en el Palacio de Versalles, aprobaron por amplia mayor\u00eda la inclusi\u00f3n del derecho al aborto en la Constituci\u00f3n La modificaci\u00f3n constitucional es muy breve pero importante, porque blinda el derecho al aborto y hace muy dif\u00edcil que un Gobierno que est\u00e9 en contra &hellip; Macron blinda el derecho al aborto en la Constituci\u00f3n, a la vez fomenta la natalidad por encontrarse en la tasa m\u00e1s baja desde el fin de la Segunda Guerra Mundial. Read More &raquo;","og_url":"https:\/\/nuevalibertad.org\/en\/macron-blinda-el-derecho-al-aborto-en-la-constitucion-a-la-vez-fomenta-la-natalidad-por-encontrarse-en-la-tasa-mas-baja-desde-el-fin-de-la-segunda-guerra-mundial\/","og_site_name":"Nueva Libertad y Gobierno","article_published_time":"2024-03-06T14:21:11+00:00","article_modified_time":"2024-03-07T06:56:13+00:00","og_image":[{"width":1600,"height":900,"url":"https:\/\/nuevalibertad.org\/wp-content\/uploads\/2024\/03\/foto2articulo.webp","type":"image\/webp"}],"author":"Belen","twitter_card":"summary_large_image","twitter_misc":{"Written by":"Belen","Est. reading time":"6 minutes"},"schema":{"@context":"https:\/\/schema.org","@graph":[{"@type":"Article","@id":"https:\/\/nuevalibertad.org\/macron-blinda-el-derecho-al-aborto-en-la-constitucion-a-la-vez-fomenta-la-natalidad-por-encontrarse-en-la-tasa-mas-baja-desde-el-fin-de-la-segunda-guerra-mundial\/#article","isPartOf":{"@id":"https:\/\/nuevalibertad.org\/macron-blinda-el-derecho-al-aborto-en-la-constitucion-a-la-vez-fomenta-la-natalidad-por-encontrarse-en-la-tasa-mas-baja-desde-el-fin-de-la-segunda-guerra-mundial\/"},"author":{"name":"Belen","@id":"https:\/\/nuevalibertad.org\/#\/schema\/person\/58e0449416aa3b1f1a5506b8765c1de7"},"headline":"Macron blinda el derecho al aborto en la Constituci\u00f3n, a la vez fomenta la natalidad por encontrarse en la tasa m\u00e1s baja desde el fin de la Segunda Guerra Mundial.","datePublished":"2024-03-06T14:21:11+00:00","dateModified":"2024-03-07T06:56:13+00:00","mainEntityOfPage":{"@id":"https:\/\/nuevalibertad.org\/macron-blinda-el-derecho-al-aborto-en-la-constitucion-a-la-vez-fomenta-la-natalidad-por-encontrarse-en-la-tasa-mas-baja-desde-el-fin-de-la-segunda-guerra-mundial\/"},"wordCount":1155,"publisher":{"@id":"https:\/\/nuevalibertad.org\/#organization"},"image":{"@id":"https:\/\/nuevalibertad.org\/macron-blinda-el-derecho-al-aborto-en-la-constitucion-a-la-vez-fomenta-la-natalidad-por-encontrarse-en-la-tasa-mas-baja-desde-el-fin-de-la-segunda-guerra-mundial\/#primaryimage"},"thumbnailUrl":"https:\/\/nuevalibertad.org\/wp-content\/uploads\/2024\/03\/foto2articulo.webp","keywords":["Internacional","mujeres"],"articleSection":["Art\u00edculos","Blog"],"inLanguage":"en-US"},{"@type":"WebPage","@id":"https:\/\/nuevalibertad.org\/macron-blinda-el-derecho-al-aborto-en-la-constitucion-a-la-vez-fomenta-la-natalidad-por-encontrarse-en-la-tasa-mas-baja-desde-el-fin-de-la-segunda-guerra-mundial\/","url":"https:\/\/nuevalibertad.org\/macron-blinda-el-derecho-al-aborto-en-la-constitucion-a-la-vez-fomenta-la-natalidad-por-encontrarse-en-la-tasa-mas-baja-desde-el-fin-de-la-segunda-guerra-mundial\/","name":"Macron blinda el derecho al aborto en la Constituci\u00f3n, a la vez fomenta la natalidad por encontrarse en la tasa m\u00e1s baja desde el fin de la Segunda Guerra Mundial. - Nueva Libertad y Gobierno","isPartOf":{"@id":"https:\/\/nuevalibertad.org\/#website"},"primaryImageOfPage":{"@id":"https:\/\/nuevalibertad.org\/macron-blinda-el-derecho-al-aborto-en-la-constitucion-a-la-vez-fomenta-la-natalidad-por-encontrarse-en-la-tasa-mas-baja-desde-el-fin-de-la-segunda-guerra-mundial\/#primaryimage"},"image":{"@id":"https:\/\/nuevalibertad.org\/macron-blinda-el-derecho-al-aborto-en-la-constitucion-a-la-vez-fomenta-la-natalidad-por-encontrarse-en-la-tasa-mas-baja-desde-el-fin-de-la-segunda-guerra-mundial\/#primaryimage"},"thumbnailUrl":"https:\/\/nuevalibertad.org\/wp-content\/uploads\/2024\/03\/foto2articulo.webp","datePublished":"2024-03-06T14:21:11+00:00","dateModified":"2024-03-07T06:56:13+00:00","breadcrumb":{"@id":"https:\/\/nuevalibertad.org\/macron-blinda-el-derecho-al-aborto-en-la-constitucion-a-la-vez-fomenta-la-natalidad-por-encontrarse-en-la-tasa-mas-baja-desde-el-fin-de-la-segunda-guerra-mundial\/#breadcrumb"},"inLanguage":"en-US","potentialAction":[{"@type":"ReadAction","target":["https:\/\/nuevalibertad.org\/macron-blinda-el-derecho-al-aborto-en-la-constitucion-a-la-vez-fomenta-la-natalidad-por-encontrarse-en-la-tasa-mas-baja-desde-el-fin-de-la-segunda-guerra-mundial\/"]}]},{"@type":"ImageObject","inLanguage":"en-US","@id":"https:\/\/nuevalibertad.org\/macron-blinda-el-derecho-al-aborto-en-la-constitucion-a-la-vez-fomenta-la-natalidad-por-encontrarse-en-la-tasa-mas-baja-desde-el-fin-de-la-segunda-guerra-mundial\/#primaryimage","url":"https:\/\/nuevalibertad.org\/wp-content\/uploads\/2024\/03\/foto2articulo.webp","contentUrl":"https:\/\/nuevalibertad.org\/wp-content\/uploads\/2024\/03\/foto2articulo.webp","width":1600,"height":900},{"@type":"BreadcrumbList","@id":"https:\/\/nuevalibertad.org\/macron-blinda-el-derecho-al-aborto-en-la-constitucion-a-la-vez-fomenta-la-natalidad-por-encontrarse-en-la-tasa-mas-baja-desde-el-fin-de-la-segunda-guerra-mundial\/#breadcrumb","itemListElement":[{"@type":"ListItem","position":1,"name":"Portada","item":"https:\/\/nuevalibertad.org\/"},{"@type":"ListItem","position":2,"name":"Macron blinda el derecho al aborto en la Constituci\u00f3n, a la vez fomenta la natalidad por encontrarse en la tasa m\u00e1s baja desde el fin de la Segunda Guerra Mundial."}]},{"@type":"WebSite","@id":"https:\/\/nuevalibertad.org\/#website","url":"https:\/\/nuevalibertad.org\/","name":"Nueva Libertad y Gobierno","description":"Enfocados en la direcci\u00f3n correcta","publisher":{"@id":"https:\/\/nuevalibertad.org\/#organization"},"potentialAction":[{"@type":"SearchAction","target":{"@type":"EntryPoint","urlTemplate":"https:\/\/nuevalibertad.org\/?s={search_term_string}"},"query-input":{"@type":"PropertyValueSpecification","valueRequired":true,"valueName":"search_term_string"}}],"inLanguage":"en-US"},{"@type":"Organization","@id":"https:\/\/nuevalibertad.org\/#organization","name":"Nueva Libertad y Gobierno","url":"https:\/\/nuevalibertad.org\/","logo":{"@type":"ImageObject","inLanguage":"en-US","@id":"https:\/\/nuevalibertad.org\/#\/schema\/logo\/image\/","url":"https:\/\/nuevalibertad.org\/wp-content\/uploads\/2023\/07\/cropped-nlg-1.png","contentUrl":"https:\/\/nuevalibertad.org\/wp-content\/uploads\/2023\/07\/cropped-nlg-1.png","width":321,"height":189,"caption":"Nueva Libertad y Gobierno"},"image":{"@id":"https:\/\/nuevalibertad.org\/#\/schema\/logo\/image\/"}},{"@type":"Person","@id":"https:\/\/nuevalibertad.org\/#\/schema\/person\/58e0449416aa3b1f1a5506b8765c1de7","name":"Belen","image":{"@type":"ImageObject","inLanguage":"en-US","@id":"https:\/\/secure.gravatar.com\/avatar\/533e31f8aa710261aff9f2411528b184cd8917224cc52f3a33f72d48a23315d6?s=96&d=mm&r=g","url":"https:\/\/secure.gravatar.com\/avatar\/533e31f8aa710261aff9f2411528b184cd8917224cc52f3a33f72d48a23315d6?s=96&d=mm&r=g","contentUrl":"https:\/\/secure.gravatar.com\/avatar\/533e31f8aa710261aff9f2411528b184cd8917224cc52f3a33f72d48a23315d6?s=96&d=mm&r=g","caption":"Belen"},"url":"https:\/\/nuevalibertad.org\/en\/author\/belenleon70\/"}]}},"jetpack_featured_media_url":"https:\/\/nuevalibertad.org\/wp-content\/uploads\/2024\/03\/foto2articulo.webp","jetpack_sharing_enabled":true,"_links":{"self":[{"href":"https:\/\/nuevalibertad.org\/en\/wp-json\/wp\/v2\/posts\/2352","targetHints":{"allow":["GET"]}}],"collection":[{"href":"https:\/\/nuevalibertad.org\/en\/wp-json\/wp\/v2\/posts"}],"about":[{"href":"https:\/\/nuevalibertad.org\/en\/wp-json\/wp\/v2\/types\/post"}],"author":[{"embeddable":true,"href":"https:\/\/nuevalibertad.org\/en\/wp-json\/wp\/v2\/users\/5"}],"replies":[{"embeddable":true,"href":"https:\/\/nuevalibertad.org\/en\/wp-json\/wp\/v2\/comments?post=2352"}],"version-history":[{"count":4,"href":"https:\/\/nuevalibertad.org\/en\/wp-json\/wp\/v2\/posts\/2352\/revisions"}],"predecessor-version":[{"id":2365,"href":"https:\/\/nuevalibertad.org\/en\/wp-json\/wp\/v2\/posts\/2352\/revisions\/2365"}],"wp:featuredmedia":[{"embeddable":true,"href":"https:\/\/nuevalibertad.org\/en\/wp-json\/wp\/v2\/media\/2358"}],"wp:attachment":[{"href":"https:\/\/nuevalibertad.org\/en\/wp-json\/wp\/v2\/media?parent=2352"}],"wp:term":[{"taxonomy":"category","embeddable":true,"href":"https:\/\/nuevalibertad.org\/en\/wp-json\/wp\/v2\/categories?post=2352"},{"taxonomy":"post_tag","embeddable":true,"href":"https:\/\/nuevalibertad.org\/en\/wp-json\/wp\/v2\/tags?post=2352"}],"curies":[{"name":"wp","href":"https:\/\/api.w.org\/{rel}","templated":true}]}}