{"id":2397,"date":"2024-05-06T14:46:05","date_gmt":"2024-05-06T14:46:05","guid":{"rendered":"https:\/\/nuevalibertad.org\/?p=2397"},"modified":"2024-05-06T14:46:17","modified_gmt":"2024-05-06T14:46:17","slug":"cuba-siempre-cuba","status":"publish","type":"post","link":"https:\/\/nuevalibertad.org\/en\/cuba-siempre-cuba\/","title":{"rendered":"Cuba, siempre Cuba"},"content":{"rendered":"<p>Que Cuba sigue sumida en una permanente crisis no es noticia, pero de un tiempo a esta parte, con la llegada a la presidencia del estado de Diaz-Canel, ha desaparecido pr\u00e1cticamente del panorama informativo, por lo que han pasado casi desapercibidas las \u00faltimas oleadas de protesta que se ha producido sobre todo en las provincias.<\/p>\n\n\n\n<p>Lo cierto es que la pandemia ha sido letal para la econom\u00eda de la isla, muy dependiente de la entrada de divisas extranjeras que con la congelaci\u00f3n del turismo mundial cayeron en picado. En el 2023 la inflaci\u00f3n marc\u00f3 un 30 % y el PIB cay\u00f3 en m\u00e1s de un punto, lo que pone de manifiesto que, tras el COVID, Cuba no ha sido capaz de reponerse y recuperar los valores econ\u00f3micos anteriores a 2019.<\/p>\n\n\n\n<p>El turismo, una de las bases econ\u00f3micas del pa\u00eds, no ha conseguido recuperarse, cosa que no es de extra\u00f1ar\u2026 \u00bfQui\u00e9n quiere ir de vacaciones a un lugar donde la electricidad se corta con frecuencia, donde la comida escasea, donde la gasolina est\u00e1 racionada y donde los hoteles han quedado anticuados para las necesidades actuales?&nbsp; Pues, sinceramente, con la competencia en este sentido que se da en la actualidad, las previsiones no pueden ser halag\u00fce\u00f1as para la Isla, y, como ejemplo dos datos: Cuba ha pasado de recibir unos 4 millones de turistas en 2019 a poco mas de 2.4 en 2023, muy por debajo de las expectativas, lo que ha supuesto una reducci\u00f3n de ingresos por este motivo a pr\u00e1cticamente un tercio.<\/p>\n\n\n\n<p>La falta de apoyo de los tradicionales aliados del r\u00e9gimen opresor no ha hecho sino ahondar la crisis. El petr\u00f3leo gratis de antes ya no es tal, ya que Venezuela est\u00e1 sumida en su propia debacle.&nbsp; Por otro lado, la posible alianza con la Rusia de Putin tampoco es efectiva, ya que Rusia tambi\u00e9n est\u00e1 luchando con sus propios problemas internacionales.<\/p>\n\n\n\n<p>La m\u00e1s que probable llegada a la Casa Blanca de Donald Trump va a ser sin duda otro factor importante para Cuba dada la ya conocida postura que mantiene sobre el bloqueo, con medidas como impedir el env\u00edo de remesas de cubanos en el exilio a sus parientes en la Isla, remesas imprescindibles para un pa\u00eds que vive casi por completo de las importaciones de alimentos.<\/p>\n\n\n\n<p>Y muchos se preguntar\u00e1n: \u00bfC\u00f3mo ha actuado el gobierno comunista ante esta crisis? Pues con m\u00e1s de lo mismo: represi\u00f3n en la calle, represi\u00f3n en las redes, represi\u00f3n en las c\u00e1rceles. Como siempre, la culpa viene del exterior, seg\u00fan la propaganda oficial. (Curioso que un pa\u00eds comunista se queje de no poder comerciar libremente con los pa\u00edses m\u00e1s capitalistas del mundo, \u00bfno creen?).<\/p>\n\n\n\n<p>El futuro para la Isla, y sobre todo para sus habitantes, se torna pues dif\u00edcil e incierto, aun cuando las circunstancias internacionales les favorecieran, algo muy poco probable. El retraso en todos los \u00f3rdenes que acumula Cuba hace que la crisis actual pueda desencadenar un punto de inflexi\u00f3n: o bien se a\u00edsle todav\u00eda m\u00e1s, aumentando la pobreza y haci\u00e9ndola totalmente dependiente de la ayuda internacional, o bien de una vez por todas abra sus fronteras, econ\u00f3micas, f\u00edsicas y pol\u00edticas, para facilitar un cambio dr\u00e1stico que haga resurgir el pa\u00eds.<\/p>\n\n\n\n<p>Estaremos atentos a la evoluci\u00f3n de estas variables, sobre todo en el pr\u00f3ximo verano, y comprobaremos si esta vez es la definitiva, o, de lo contrario, el r\u00e9gimen dictatorial aguanta por en\u00e9sima vez y sigue manteniendo el yugo sobre todos los cubanos inocentes.<\/p>\n\n\n\n<p><strong>Asier Balaguer Navarro<\/strong><\/p>\n\n\n\n<p><em>Analista pol\u00edtico<\/em>. Colaborador <a href=\"https:\/\/nuevalibertad.org\/en\/\">NLG<\/a><\/p>","protected":false},"excerpt":{"rendered":"<p>Que Cuba sigue sumida en una permanente crisis no es noticia, pero de un tiempo a esta parte, con la llegada a la presidencia del estado de Diaz-Canel, ha desaparecido pr\u00e1cticamente del panorama informativo, por lo que han pasado casi desapercibidas las \u00faltimas oleadas de protesta que se ha producido sobre todo en las provincias. &hellip;<\/p>\n<p class=\"read-more\"> <a class=\"\" href=\"https:\/\/nuevalibertad.org\/en\/cuba-siempre-cuba\/\"> <span class=\"screen-reader-text\">Cuba, siempre Cuba<\/span> Read More &raquo;<\/a><\/p>","protected":false},"author":5,"featured_media":2398,"comment_status":"closed","ping_status":"closed","sticky":false,"template":"","format":"standard","meta":{"sfsi_plus_gutenberg_text_before_share":"","sfsi_plus_gutenberg_show_text_before_share":"","sfsi_plus_gutenberg_icon_type":"","sfsi_plus_gutenberg_icon_alignemt":"","sfsi_plus_gutenburg_max_per_row":"","site-sidebar-layout":"default","site-content-layout":"default","ast-global-header-display":"","ast-banner-title-visibility":"","ast-main-header-display":"","ast-hfb-above-header-display":"","ast-hfb-below-header-display":"","ast-hfb-mobile-header-display":"","site-post-title":"","ast-breadcrumbs-content":"","ast-featured-img":"","footer-sml-layout":"","theme-transparent-header-meta":"","adv-header-id-meta":"","stick-header-meta":"","header-above-stick-meta":"","header-main-stick-meta":"","header-below-stick-meta":"","_jetpack_memberships_contains_paid_content":false,"footnotes":""},"categories":[8,9],"tags":[44,33,57,45,42],"class_list":["post-2397","post","type-post","status-publish","format-standard","has-post-thumbnail","hentry","category-articulos","category-publicaciones-digitales","tag-actualidad","tag-democracia","tag-economia","tag-internacional","tag-politica"],"yoast_head":"<!-- This site is optimized with the Yoast SEO plugin v27.4 - https:\/\/yoast.com\/product\/yoast-seo-wordpress\/ -->\n<title>Cuba, siempre Cuba - Nueva Libertad y Gobierno<\/title>\n<meta name=\"robots\" content=\"index, follow, max-snippet:-1, max-image-preview:large, max-video-preview:-1\" \/>\n<link rel=\"canonical\" href=\"https:\/\/nuevalibertad.org\/en\/cuba-siempre-cuba\/\" \/>\n<meta property=\"og:locale\" content=\"en_US\" \/>\n<meta property=\"og:type\" content=\"article\" \/>\n<meta property=\"og:title\" content=\"Cuba, siempre Cuba - Nueva Libertad y Gobierno\" \/>\n<meta property=\"og:description\" content=\"Que Cuba sigue sumida en una permanente crisis no es noticia, pero de un tiempo a esta parte, con la llegada a la presidencia del estado de Diaz-Canel, ha desaparecido pr\u00e1cticamente del panorama informativo, por lo que han pasado casi desapercibidas las \u00faltimas oleadas de protesta que se ha producido sobre todo en las provincias. &hellip; Cuba, siempre Cuba Read More &raquo;\" \/>\n<meta property=\"og:url\" content=\"https:\/\/nuevalibertad.org\/en\/cuba-siempre-cuba\/\" \/>\n<meta property=\"og:site_name\" content=\"Nueva Libertad y Gobierno\" \/>\n<meta property=\"article:published_time\" content=\"2024-05-06T14:46:05+00:00\" \/>\n<meta property=\"article:modified_time\" content=\"2024-05-06T14:46:17+00:00\" \/>\n<meta property=\"og:image\" content=\"https:\/\/nuevalibertad.org\/wp-content\/uploads\/2024\/05\/descarga.jpeg\" \/>\n\t<meta property=\"og:image:width\" content=\"275\" \/>\n\t<meta property=\"og:image:height\" content=\"183\" \/>\n\t<meta property=\"og:image:type\" content=\"image\/jpeg\" \/>\n<meta name=\"author\" content=\"Belen\" \/>\n<meta name=\"twitter:card\" content=\"summary_large_image\" \/>\n<meta name=\"twitter:label1\" content=\"Written by\" \/>\n\t<meta name=\"twitter:data1\" content=\"Belen\" \/>\n\t<meta name=\"twitter:label2\" content=\"Est. reading time\" \/>\n\t<meta name=\"twitter:data2\" content=\"3 minutes\" \/>\n<script type=\"application\/ld+json\" class=\"yoast-schema-graph\">{\"@context\":\"https:\\\/\\\/schema.org\",\"@graph\":[{\"@type\":\"Article\",\"@id\":\"https:\\\/\\\/nuevalibertad.org\\\/cuba-siempre-cuba\\\/#article\",\"isPartOf\":{\"@id\":\"https:\\\/\\\/nuevalibertad.org\\\/cuba-siempre-cuba\\\/\"},\"author\":{\"name\":\"Belen\",\"@id\":\"https:\\\/\\\/nuevalibertad.org\\\/#\\\/schema\\\/person\\\/58e0449416aa3b1f1a5506b8765c1de7\"},\"headline\":\"Cuba, siempre Cuba\",\"datePublished\":\"2024-05-06T14:46:05+00:00\",\"dateModified\":\"2024-05-06T14:46:17+00:00\",\"mainEntityOfPage\":{\"@id\":\"https:\\\/\\\/nuevalibertad.org\\\/cuba-siempre-cuba\\\/\"},\"wordCount\":625,\"publisher\":{\"@id\":\"https:\\\/\\\/nuevalibertad.org\\\/#organization\"},\"image\":{\"@id\":\"https:\\\/\\\/nuevalibertad.org\\\/cuba-siempre-cuba\\\/#primaryimage\"},\"thumbnailUrl\":\"https:\\\/\\\/nuevalibertad.org\\\/wp-content\\\/uploads\\\/2024\\\/05\\\/descarga.jpeg\",\"keywords\":[\"Actualidad\",\"democracia\",\"Economia\",\"Internacional\",\"politica\"],\"articleSection\":[\"Art\u00edculos\",\"Publicaciones Digitales\"],\"inLanguage\":\"en-US\"},{\"@type\":\"WebPage\",\"@id\":\"https:\\\/\\\/nuevalibertad.org\\\/cuba-siempre-cuba\\\/\",\"url\":\"https:\\\/\\\/nuevalibertad.org\\\/cuba-siempre-cuba\\\/\",\"name\":\"Cuba, siempre Cuba - Nueva Libertad y Gobierno\",\"isPartOf\":{\"@id\":\"https:\\\/\\\/nuevalibertad.org\\\/#website\"},\"primaryImageOfPage\":{\"@id\":\"https:\\\/\\\/nuevalibertad.org\\\/cuba-siempre-cuba\\\/#primaryimage\"},\"image\":{\"@id\":\"https:\\\/\\\/nuevalibertad.org\\\/cuba-siempre-cuba\\\/#primaryimage\"},\"thumbnailUrl\":\"https:\\\/\\\/nuevalibertad.org\\\/wp-content\\\/uploads\\\/2024\\\/05\\\/descarga.jpeg\",\"datePublished\":\"2024-05-06T14:46:05+00:00\",\"dateModified\":\"2024-05-06T14:46:17+00:00\",\"breadcrumb\":{\"@id\":\"https:\\\/\\\/nuevalibertad.org\\\/cuba-siempre-cuba\\\/#breadcrumb\"},\"inLanguage\":\"en-US\",\"potentialAction\":[{\"@type\":\"ReadAction\",\"target\":[\"https:\\\/\\\/nuevalibertad.org\\\/cuba-siempre-cuba\\\/\"]}]},{\"@type\":\"ImageObject\",\"inLanguage\":\"en-US\",\"@id\":\"https:\\\/\\\/nuevalibertad.org\\\/cuba-siempre-cuba\\\/#primaryimage\",\"url\":\"https:\\\/\\\/nuevalibertad.org\\\/wp-content\\\/uploads\\\/2024\\\/05\\\/descarga.jpeg\",\"contentUrl\":\"https:\\\/\\\/nuevalibertad.org\\\/wp-content\\\/uploads\\\/2024\\\/05\\\/descarga.jpeg\",\"width\":275,\"height\":183},{\"@type\":\"BreadcrumbList\",\"@id\":\"https:\\\/\\\/nuevalibertad.org\\\/cuba-siempre-cuba\\\/#breadcrumb\",\"itemListElement\":[{\"@type\":\"ListItem\",\"position\":1,\"name\":\"Portada\",\"item\":\"https:\\\/\\\/nuevalibertad.org\\\/\"},{\"@type\":\"ListItem\",\"position\":2,\"name\":\"Cuba, siempre Cuba\"}]},{\"@type\":\"WebSite\",\"@id\":\"https:\\\/\\\/nuevalibertad.org\\\/#website\",\"url\":\"https:\\\/\\\/nuevalibertad.org\\\/\",\"name\":\"Nueva Libertad y Gobierno\",\"description\":\"Enfocados en la direcci\u00f3n correcta\",\"publisher\":{\"@id\":\"https:\\\/\\\/nuevalibertad.org\\\/#organization\"},\"potentialAction\":[{\"@type\":\"SearchAction\",\"target\":{\"@type\":\"EntryPoint\",\"urlTemplate\":\"https:\\\/\\\/nuevalibertad.org\\\/?s={search_term_string}\"},\"query-input\":{\"@type\":\"PropertyValueSpecification\",\"valueRequired\":true,\"valueName\":\"search_term_string\"}}],\"inLanguage\":\"en-US\"},{\"@type\":\"Organization\",\"@id\":\"https:\\\/\\\/nuevalibertad.org\\\/#organization\",\"name\":\"Nueva Libertad y Gobierno\",\"url\":\"https:\\\/\\\/nuevalibertad.org\\\/\",\"logo\":{\"@type\":\"ImageObject\",\"inLanguage\":\"en-US\",\"@id\":\"https:\\\/\\\/nuevalibertad.org\\\/#\\\/schema\\\/logo\\\/image\\\/\",\"url\":\"https:\\\/\\\/nuevalibertad.org\\\/wp-content\\\/uploads\\\/2023\\\/07\\\/cropped-nlg-1.png\",\"contentUrl\":\"https:\\\/\\\/nuevalibertad.org\\\/wp-content\\\/uploads\\\/2023\\\/07\\\/cropped-nlg-1.png\",\"width\":321,\"height\":189,\"caption\":\"Nueva Libertad y Gobierno\"},\"image\":{\"@id\":\"https:\\\/\\\/nuevalibertad.org\\\/#\\\/schema\\\/logo\\\/image\\\/\"}},{\"@type\":\"Person\",\"@id\":\"https:\\\/\\\/nuevalibertad.org\\\/#\\\/schema\\\/person\\\/58e0449416aa3b1f1a5506b8765c1de7\",\"name\":\"Belen\",\"image\":{\"@type\":\"ImageObject\",\"inLanguage\":\"en-US\",\"@id\":\"https:\\\/\\\/secure.gravatar.com\\\/avatar\\\/533e31f8aa710261aff9f2411528b184cd8917224cc52f3a33f72d48a23315d6?s=96&d=mm&r=g\",\"url\":\"https:\\\/\\\/secure.gravatar.com\\\/avatar\\\/533e31f8aa710261aff9f2411528b184cd8917224cc52f3a33f72d48a23315d6?s=96&d=mm&r=g\",\"contentUrl\":\"https:\\\/\\\/secure.gravatar.com\\\/avatar\\\/533e31f8aa710261aff9f2411528b184cd8917224cc52f3a33f72d48a23315d6?s=96&d=mm&r=g\",\"caption\":\"Belen\"},\"url\":\"https:\\\/\\\/nuevalibertad.org\\\/en\\\/author\\\/belenleon70\\\/\"}]}<\/script>\n<!-- \/ Yoast SEO plugin. -->","yoast_head_json":{"title":"Cuba, siempre Cuba - Nueva Libertad y Gobierno","robots":{"index":"index","follow":"follow","max-snippet":"max-snippet:-1","max-image-preview":"max-image-preview:large","max-video-preview":"max-video-preview:-1"},"canonical":"https:\/\/nuevalibertad.org\/en\/cuba-siempre-cuba\/","og_locale":"en_US","og_type":"article","og_title":"Cuba, siempre Cuba - Nueva Libertad y Gobierno","og_description":"Que Cuba sigue sumida en una permanente crisis no es noticia, pero de un tiempo a esta parte, con la llegada a la presidencia del estado de Diaz-Canel, ha desaparecido pr\u00e1cticamente del panorama informativo, por lo que han pasado casi desapercibidas las \u00faltimas oleadas de protesta que se ha producido sobre todo en las provincias. &hellip; Cuba, siempre Cuba Read More &raquo;","og_url":"https:\/\/nuevalibertad.org\/en\/cuba-siempre-cuba\/","og_site_name":"Nueva Libertad y Gobierno","article_published_time":"2024-05-06T14:46:05+00:00","article_modified_time":"2024-05-06T14:46:17+00:00","og_image":[{"width":275,"height":183,"url":"https:\/\/nuevalibertad.org\/wp-content\/uploads\/2024\/05\/descarga.jpeg","type":"image\/jpeg"}],"author":"Belen","twitter_card":"summary_large_image","twitter_misc":{"Written by":"Belen","Est. reading time":"3 minutes"},"schema":{"@context":"https:\/\/schema.org","@graph":[{"@type":"Article","@id":"https:\/\/nuevalibertad.org\/cuba-siempre-cuba\/#article","isPartOf":{"@id":"https:\/\/nuevalibertad.org\/cuba-siempre-cuba\/"},"author":{"name":"Belen","@id":"https:\/\/nuevalibertad.org\/#\/schema\/person\/58e0449416aa3b1f1a5506b8765c1de7"},"headline":"Cuba, siempre Cuba","datePublished":"2024-05-06T14:46:05+00:00","dateModified":"2024-05-06T14:46:17+00:00","mainEntityOfPage":{"@id":"https:\/\/nuevalibertad.org\/cuba-siempre-cuba\/"},"wordCount":625,"publisher":{"@id":"https:\/\/nuevalibertad.org\/#organization"},"image":{"@id":"https:\/\/nuevalibertad.org\/cuba-siempre-cuba\/#primaryimage"},"thumbnailUrl":"https:\/\/nuevalibertad.org\/wp-content\/uploads\/2024\/05\/descarga.jpeg","keywords":["Actualidad","democracia","Economia","Internacional","politica"],"articleSection":["Art\u00edculos","Publicaciones Digitales"],"inLanguage":"en-US"},{"@type":"WebPage","@id":"https:\/\/nuevalibertad.org\/cuba-siempre-cuba\/","url":"https:\/\/nuevalibertad.org\/cuba-siempre-cuba\/","name":"Cuba, siempre Cuba - Nueva Libertad y Gobierno","isPartOf":{"@id":"https:\/\/nuevalibertad.org\/#website"},"primaryImageOfPage":{"@id":"https:\/\/nuevalibertad.org\/cuba-siempre-cuba\/#primaryimage"},"image":{"@id":"https:\/\/nuevalibertad.org\/cuba-siempre-cuba\/#primaryimage"},"thumbnailUrl":"https:\/\/nuevalibertad.org\/wp-content\/uploads\/2024\/05\/descarga.jpeg","datePublished":"2024-05-06T14:46:05+00:00","dateModified":"2024-05-06T14:46:17+00:00","breadcrumb":{"@id":"https:\/\/nuevalibertad.org\/cuba-siempre-cuba\/#breadcrumb"},"inLanguage":"en-US","potentialAction":[{"@type":"ReadAction","target":["https:\/\/nuevalibertad.org\/cuba-siempre-cuba\/"]}]},{"@type":"ImageObject","inLanguage":"en-US","@id":"https:\/\/nuevalibertad.org\/cuba-siempre-cuba\/#primaryimage","url":"https:\/\/nuevalibertad.org\/wp-content\/uploads\/2024\/05\/descarga.jpeg","contentUrl":"https:\/\/nuevalibertad.org\/wp-content\/uploads\/2024\/05\/descarga.jpeg","width":275,"height":183},{"@type":"BreadcrumbList","@id":"https:\/\/nuevalibertad.org\/cuba-siempre-cuba\/#breadcrumb","itemListElement":[{"@type":"ListItem","position":1,"name":"Portada","item":"https:\/\/nuevalibertad.org\/"},{"@type":"ListItem","position":2,"name":"Cuba, siempre Cuba"}]},{"@type":"WebSite","@id":"https:\/\/nuevalibertad.org\/#website","url":"https:\/\/nuevalibertad.org\/","name":"Nueva Libertad y Gobierno","description":"Enfocados en la direcci\u00f3n correcta","publisher":{"@id":"https:\/\/nuevalibertad.org\/#organization"},"potentialAction":[{"@type":"SearchAction","target":{"@type":"EntryPoint","urlTemplate":"https:\/\/nuevalibertad.org\/?s={search_term_string}"},"query-input":{"@type":"PropertyValueSpecification","valueRequired":true,"valueName":"search_term_string"}}],"inLanguage":"en-US"},{"@type":"Organization","@id":"https:\/\/nuevalibertad.org\/#organization","name":"Nueva Libertad y Gobierno","url":"https:\/\/nuevalibertad.org\/","logo":{"@type":"ImageObject","inLanguage":"en-US","@id":"https:\/\/nuevalibertad.org\/#\/schema\/logo\/image\/","url":"https:\/\/nuevalibertad.org\/wp-content\/uploads\/2023\/07\/cropped-nlg-1.png","contentUrl":"https:\/\/nuevalibertad.org\/wp-content\/uploads\/2023\/07\/cropped-nlg-1.png","width":321,"height":189,"caption":"Nueva Libertad y Gobierno"},"image":{"@id":"https:\/\/nuevalibertad.org\/#\/schema\/logo\/image\/"}},{"@type":"Person","@id":"https:\/\/nuevalibertad.org\/#\/schema\/person\/58e0449416aa3b1f1a5506b8765c1de7","name":"Belen","image":{"@type":"ImageObject","inLanguage":"en-US","@id":"https:\/\/secure.gravatar.com\/avatar\/533e31f8aa710261aff9f2411528b184cd8917224cc52f3a33f72d48a23315d6?s=96&d=mm&r=g","url":"https:\/\/secure.gravatar.com\/avatar\/533e31f8aa710261aff9f2411528b184cd8917224cc52f3a33f72d48a23315d6?s=96&d=mm&r=g","contentUrl":"https:\/\/secure.gravatar.com\/avatar\/533e31f8aa710261aff9f2411528b184cd8917224cc52f3a33f72d48a23315d6?s=96&d=mm&r=g","caption":"Belen"},"url":"https:\/\/nuevalibertad.org\/en\/author\/belenleon70\/"}]}},"jetpack_featured_media_url":"https:\/\/nuevalibertad.org\/wp-content\/uploads\/2024\/05\/descarga.jpeg","jetpack_sharing_enabled":true,"_links":{"self":[{"href":"https:\/\/nuevalibertad.org\/en\/wp-json\/wp\/v2\/posts\/2397","targetHints":{"allow":["GET"]}}],"collection":[{"href":"https:\/\/nuevalibertad.org\/en\/wp-json\/wp\/v2\/posts"}],"about":[{"href":"https:\/\/nuevalibertad.org\/en\/wp-json\/wp\/v2\/types\/post"}],"author":[{"embeddable":true,"href":"https:\/\/nuevalibertad.org\/en\/wp-json\/wp\/v2\/users\/5"}],"replies":[{"embeddable":true,"href":"https:\/\/nuevalibertad.org\/en\/wp-json\/wp\/v2\/comments?post=2397"}],"version-history":[{"count":1,"href":"https:\/\/nuevalibertad.org\/en\/wp-json\/wp\/v2\/posts\/2397\/revisions"}],"predecessor-version":[{"id":2399,"href":"https:\/\/nuevalibertad.org\/en\/wp-json\/wp\/v2\/posts\/2397\/revisions\/2399"}],"wp:featuredmedia":[{"embeddable":true,"href":"https:\/\/nuevalibertad.org\/en\/wp-json\/wp\/v2\/media\/2398"}],"wp:attachment":[{"href":"https:\/\/nuevalibertad.org\/en\/wp-json\/wp\/v2\/media?parent=2397"}],"wp:term":[{"taxonomy":"category","embeddable":true,"href":"https:\/\/nuevalibertad.org\/en\/wp-json\/wp\/v2\/categories?post=2397"},{"taxonomy":"post_tag","embeddable":true,"href":"https:\/\/nuevalibertad.org\/en\/wp-json\/wp\/v2\/tags?post=2397"}],"curies":[{"name":"wp","href":"https:\/\/api.w.org\/{rel}","templated":true}]}}