{"id":2424,"date":"2024-06-15T07:08:11","date_gmt":"2024-06-15T07:08:11","guid":{"rendered":"https:\/\/nuevalibertad.org\/?p=2424"},"modified":"2024-06-15T07:08:17","modified_gmt":"2024-06-15T07:08:17","slug":"breves-economias-mexico-america-central-y-caribes-semana-de-13-de-junio-2024","status":"publish","type":"post","link":"https:\/\/nuevalibertad.org\/en\/breves-economias-mexico-america-central-y-caribes-semana-de-13-de-junio-2024\/","title":{"rendered":"Breves Economias, M\u00e9xico, America Central y Caribes. Semana de 13 de junio 2024."},"content":{"rendered":"<p><strong>Cifras para recordar <\/strong><\/p>\n\n\n\n<p>Seg\u00fan el Instituto Nacional de Estad\u00edstica y Geograf\u00eda (INEGI), en mayo de 2024, la tasa de inflaci\u00f3n general habr\u00eda acelerado solo 0,04 puntos, alcanzando el 4,7 % interanual<\/p>\n\n\n\n<p class=\"has-medium-font-size\"><strong>Mexico <\/strong><\/p>\n\n\n\n<p><strong>Coyuntura macroecon\u00f3mica <\/strong><\/p>\n\n\n\n<p>Despu\u00e9s de las elecciones presidenciales del 2 de junio, el peso mexicano se depreci\u00f3 un 8 % frente al d\u00f3lar estadounidense. De enero a mayo de 2024, el Ministerio de Econom\u00eda habr\u00eda registrado 127 anuncios p\u00fablicos de inversiones extranjeras directas (IED) hacia M\u00e9xico por un total de 39,2 mil millones de USD, 3 mil millones de USD m\u00e1s que en el mismo per\u00edodo del a\u00f1o anterior. En abril de 2024, las exportaciones mexicanas a Estados Unidos habr\u00edan alcanzado los 43,7 mil millones de USD, lo que representa un aumento del 13 % interanual. En abril de 2024, las remesas habr\u00edan alcanzado los 5,4 mil millones de USD, seg\u00fan el Banco Central de M\u00e9xico (Banxico).<\/p>\n\n\n\n<p><strong>Finanzas p\u00fablicas<\/strong><\/p>\n\n\n\n<p>El Banco Mundial habr\u00eda aprobado un nuevo financiamiento de 1 mil millones de USD para el gobierno mexicano, promoviendo pol\u00edticas de inclusi\u00f3n financiera para apoyar el nearshoring. La lucha contra el cambio clim\u00e1tico representar\u00eda el 2,6 % del gasto p\u00fablico aprobado para 2024.<\/p>\n\n\n\n<h3 class=\"wp-block-heading\">America Central<\/h3>\n\n\n\n<p><strong>Costa Rica<\/strong><\/p>\n\n\n\n<p>Seg\u00fan el Instituto Nacional de Estad\u00edstica y Censos (INEC), la inflaci\u00f3n habr\u00eda registrado una variaci\u00f3n de -0,33 % interanual en mayo de 2024. Seg\u00fan el Banco Central de Costa Rica, los impuestos y tasas relacionadas con el medio ambiente generar\u00edan el 10 % de los ingresos fiscales del pa\u00eds.<\/p>\n\n\n\n<p><strong>Guatemala<\/strong><\/p>\n\n\n\n<p>El aeropuerto internacional La Aurora deber\u00eda beneficiarse de una inversi\u00f3n de 100 millones de USD. La OEA y la UE habr\u00edan renovado su cooperaci\u00f3n hasta 2027 para mediar el conflicto entre Guatemala y Belice. Las exportaciones e importaciones habr\u00edan ca\u00eddo un 9,3 % y un 5,6 % interanual, respectivamente, en 2023.<\/p>\n\n\n\n<p><strong>El Salvador<\/strong><\/p>\n\n\n\n<p>Nayib Bukele habr\u00eda afirmado que desde su llegada a la presidencia, la capacidad geot\u00e9rmica del pa\u00eds aument\u00f3 un 10 %. El gobierno salvadore\u00f1o habr\u00eda firmado un acuerdo de financiamiento con Arabia Saudita para la construcci\u00f3n de una central el\u00e9ctrica.<\/p>\n\n\n\n<p><strong>Honduras<\/strong><\/p>\n\n\n\n<p>Honduras habr\u00eda firmado sus primeros contratos de venta de camarones con China. Seg\u00fan la Secretar\u00eda de Desarrollo Econ\u00f3mico de Honduras, India desear\u00eda invertir en proyectos de infraestructura, movilidad y energ\u00eda solar por un total de 10 mil millones de USD.<\/p>\n\n\n\n<p><strong>Nicaragua<\/strong><\/p>\n\n\n\n<p>Nicaragua y Arabia Saudita habr\u00edan firmado un acuerdo de pr\u00e9stamo de 90 millones de USD para la construcci\u00f3n de un hospital. Nicaragua buscar\u00eda integrar oficialmente los BRICS.<\/p>\n\n\n\n<p><strong>Panam\u00e1<\/strong><\/p>\n\n\n\n<p>Seg\u00fan el Ministerio de Comercio e Industrias (MICI), en el primer trimestre de 2024, las exportaciones paname\u00f1as habr\u00edan alcanzado los 283,3 millones de USD, un aumento del 1,7 % interanual. El Fondo de Ahorro de Panam\u00e1 (FAP) habr\u00eda cerrado el primer trimestre de 2024 con un beneficio bruto de 31,3 millones de USD, principalmente debido a una performance positiva del mercado burs\u00e1til. Panam\u00e1 y la UE habr\u00edan extendido su cooperaci\u00f3n en pol\u00edticas clim\u00e1ticas y transici\u00f3n verde mediante un segundo plan de acci\u00f3n del pa\u00eds Euroclima (PAP2) presentado el 22 de mayo de 2024.<\/p>\n\n\n\n<h3 class=\"wp-block-heading\">Caribe<\/h3>\n\n\n\n<p><strong>Bahamas<\/strong><\/p>\n\n\n\n<p>Seg\u00fan el gobierno de Bahamas, los ingresos por pr\u00e9stamos habr\u00edan alcanzado los 973,2 millones de USD en enero de 2024, con pr\u00e9stamos en divisas extranjeras y d\u00f3lares bahame\u00f1os representando el 51 % y el 49 %, respectivamente. Seg\u00fan el Ministerio de Finanzas, enero y febrero de 2024 muestran un retroceso en el desempe\u00f1o presupuestario respecto a los mismos meses de 2023. Los datos preliminares del resultado presupuestario de enero de 2024 mostraron un d\u00e9ficit estimado de 46 millones de USD, en comparaci\u00f3n con un modesto super\u00e1vit de 3 millones de USD un a\u00f1o antes. Seg\u00fan el Banco Central (CBOB), la contribuci\u00f3n del sector de servicios financieros a los ingresos p\u00fablicos habr\u00eda aumentado un 7 % en 2023, alcanzando los 178 millones de USD a trav\u00e9s de impuestos y tasas. Bahamas seguir\u00eda enfrentando riesgos financieros significativos dado que deben reembolsar 900 millones de USD en pr\u00e9stamos en divisas extranjeras en los pr\u00f3ximos dos a\u00f1os, advirti\u00f3 un prestamista multilateral.<\/p>\n\n\n\n<p><strong>Cuba<\/strong><\/p>\n\n\n\n<p>En el marco del Foro Econ\u00f3mico Internacional de San Petersburgo, el Fondo Ruso de Inversi\u00f3n Directa (RDIF) invertir\u00eda m\u00e1s de 11 millones de USD en el sector biotecnol\u00f3gico en Cuba.<\/p>\n\n\n\n<p><strong>Jamaica<\/strong><\/p>\n\n\n\n<p>Seg\u00fan el Banco Interamericano de Desarrollo (BID), el desempe\u00f1o econ\u00f3mico de Jamaica continuar\u00eda dependiendo de su capacidad para reducir la deuda p\u00fablica.<\/p>\n\n\n\n<p><strong>Rep\u00fablica Dominicana<\/strong><\/p>\n\n\n\n<p>Seg\u00fan la Superintendencia de Bancos, entre 2020 y 2024, el n\u00famero de municipios en Rep\u00fablica Dominicana considerados como \u00abdesiertos bancarios\u00bb, es decir, carentes de sucursales, cajeros autom\u00e1ticos y subagentes bancarios, habr\u00eda pasado de 11 a 1.<\/p>\n\n\n\n<p><strong>San Vicente y las Granadinas<\/strong><\/p>\n\n\n\n<p>Los agricultores y empresarios de San Vicente y las Granadinas y de otros 7 pa\u00edses del Caribe se beneficiar\u00e1n del proyecto regional de 6,7 millones de EUR financiado por Canad\u00e1 para sistemas alimentarios y agricultura inteligente frente al clima en el Caribe, lanzado oficialmente el 3 de junio de 2024 en la Casa de las Naciones Unidas en Barbados.<\/p>\n\n\n\n<p>Fuente: Une publication de la Direction g\u00e9n\u00e9ral du Tr\u00e9sor fran\u00e7ais du Service Economique de Mexico, en collaboration avec les services \u00e9conomiques de Guatemala, Panama, La Havane et Saint Domingue.<\/p>\n\n\n\n<p>Traducci\u00f3n :  <a href=\"https:\/\/nuevalibertad.org\/en\/\">NLG <\/a><\/p>","protected":false},"excerpt":{"rendered":"<p>Cifras para recordar Seg\u00fan el Instituto Nacional de Estad\u00edstica y Geograf\u00eda (INEGI), en mayo de 2024, la tasa de inflaci\u00f3n general habr\u00eda acelerado solo 0,04 puntos, alcanzando el 4,7 % interanual M\u00e9xico Coyuntura macroecon\u00f3mica Despu\u00e9s de las elecciones presidenciales del 2 de junio, el peso mexicano se depreci\u00f3 un 8 % frente al d\u00f3lar estadounidense. &hellip;<\/p>\n<p class=\"read-more\"> <a class=\"\" href=\"https:\/\/nuevalibertad.org\/en\/breves-economias-mexico-america-central-y-caribes-semana-de-13-de-junio-2024\/\"> <span class=\"screen-reader-text\">Breves Economias, M\u00e9xico, America Central y Caribes. Semana de 13 de junio 2024.<\/span> Read More &raquo;<\/a><\/p>","protected":false},"author":5,"featured_media":2316,"comment_status":"closed","ping_status":"closed","sticky":false,"template":"","format":"standard","meta":{"sfsi_plus_gutenberg_text_before_share":"","sfsi_plus_gutenberg_show_text_before_share":"","sfsi_plus_gutenberg_icon_type":"","sfsi_plus_gutenberg_icon_alignemt":"","sfsi_plus_gutenburg_max_per_row":"","site-sidebar-layout":"default","site-content-layout":"default","ast-global-header-display":"","ast-banner-title-visibility":"","ast-main-header-display":"","ast-hfb-above-header-display":"","ast-hfb-below-header-display":"","ast-hfb-mobile-header-display":"","site-post-title":"","ast-breadcrumbs-content":"","ast-featured-img":"","footer-sml-layout":"","theme-transparent-header-meta":"","adv-header-id-meta":"","stick-header-meta":"","header-above-stick-meta":"","header-main-stick-meta":"","header-below-stick-meta":"","_jetpack_memberships_contains_paid_content":false,"footnotes":""},"categories":[9],"tags":[44,57,45,56],"class_list":["post-2424","post","type-post","status-publish","format-standard","has-post-thumbnail","hentry","category-publicaciones-digitales","tag-actualidad","tag-economia","tag-internacional","tag-negocios"],"yoast_head":"<!-- This site is optimized with the Yoast SEO plugin v27.4 - https:\/\/yoast.com\/product\/yoast-seo-wordpress\/ -->\n<title>Breves Economias, M\u00e9xico, America Central y Caribes. Semana de 13 de junio 2024. - Nueva Libertad y Gobierno<\/title>\n<meta name=\"robots\" content=\"index, follow, max-snippet:-1, max-image-preview:large, max-video-preview:-1\" \/>\n<link rel=\"canonical\" href=\"https:\/\/nuevalibertad.org\/en\/breves-economias-mexico-america-central-y-caribes-semana-de-13-de-junio-2024\/\" \/>\n<meta property=\"og:locale\" content=\"en_US\" \/>\n<meta property=\"og:type\" content=\"article\" \/>\n<meta property=\"og:title\" content=\"Breves Economias, M\u00e9xico, America Central y Caribes. Semana de 13 de junio 2024. - Nueva Libertad y Gobierno\" \/>\n<meta property=\"og:description\" content=\"Cifras para recordar Seg\u00fan el Instituto Nacional de Estad\u00edstica y Geograf\u00eda (INEGI), en mayo de 2024, la tasa de inflaci\u00f3n general habr\u00eda acelerado solo 0,04 puntos, alcanzando el 4,7 % interanual M\u00e9xico Coyuntura macroecon\u00f3mica Despu\u00e9s de las elecciones presidenciales del 2 de junio, el peso mexicano se depreci\u00f3 un 8 % frente al d\u00f3lar estadounidense. &hellip; Breves Economias, M\u00e9xico, America Central y Caribes. Semana de 13 de junio 2024. Read More &raquo;\" \/>\n<meta property=\"og:url\" content=\"https:\/\/nuevalibertad.org\/en\/breves-economias-mexico-america-central-y-caribes-semana-de-13-de-junio-2024\/\" \/>\n<meta property=\"og:site_name\" content=\"Nueva Libertad y Gobierno\" \/>\n<meta property=\"article:published_time\" content=\"2024-06-15T07:08:11+00:00\" \/>\n<meta property=\"article:modified_time\" content=\"2024-06-15T07:08:17+00:00\" \/>\n<meta property=\"og:image\" content=\"https:\/\/nuevalibertad.org\/wp-content\/uploads\/2024\/01\/mexico-centroamerica-caribes.jpeg\" \/>\n\t<meta property=\"og:image:width\" content=\"1077\" \/>\n\t<meta property=\"og:image:height\" content=\"1029\" \/>\n\t<meta property=\"og:image:type\" content=\"image\/jpeg\" \/>\n<meta name=\"author\" content=\"Belen\" \/>\n<meta name=\"twitter:card\" content=\"summary_large_image\" \/>\n<meta name=\"twitter:label1\" content=\"Written by\" \/>\n\t<meta name=\"twitter:data1\" content=\"Belen\" \/>\n\t<meta name=\"twitter:label2\" content=\"Est. reading time\" \/>\n\t<meta name=\"twitter:data2\" content=\"5 minutes\" \/>\n<script type=\"application\/ld+json\" class=\"yoast-schema-graph\">{\"@context\":\"https:\\\/\\\/schema.org\",\"@graph\":[{\"@type\":\"Article\",\"@id\":\"https:\\\/\\\/nuevalibertad.org\\\/breves-economias-mexico-america-central-y-caribes-semana-de-13-de-junio-2024\\\/#article\",\"isPartOf\":{\"@id\":\"https:\\\/\\\/nuevalibertad.org\\\/breves-economias-mexico-america-central-y-caribes-semana-de-13-de-junio-2024\\\/\"},\"author\":{\"name\":\"Belen\",\"@id\":\"https:\\\/\\\/nuevalibertad.org\\\/#\\\/schema\\\/person\\\/58e0449416aa3b1f1a5506b8765c1de7\"},\"headline\":\"Breves Economias, M\u00e9xico, America Central y Caribes. Semana de 13 de junio 2024.\",\"datePublished\":\"2024-06-15T07:08:11+00:00\",\"dateModified\":\"2024-06-15T07:08:17+00:00\",\"mainEntityOfPage\":{\"@id\":\"https:\\\/\\\/nuevalibertad.org\\\/breves-economias-mexico-america-central-y-caribes-semana-de-13-de-junio-2024\\\/\"},\"wordCount\":905,\"publisher\":{\"@id\":\"https:\\\/\\\/nuevalibertad.org\\\/#organization\"},\"image\":{\"@id\":\"https:\\\/\\\/nuevalibertad.org\\\/breves-economias-mexico-america-central-y-caribes-semana-de-13-de-junio-2024\\\/#primaryimage\"},\"thumbnailUrl\":\"https:\\\/\\\/nuevalibertad.org\\\/wp-content\\\/uploads\\\/2024\\\/01\\\/mexico-centroamerica-caribes.jpeg\",\"keywords\":[\"Actualidad\",\"Economia\",\"Internacional\",\"negocios\"],\"articleSection\":[\"Publicaciones Digitales\"],\"inLanguage\":\"en-US\"},{\"@type\":\"WebPage\",\"@id\":\"https:\\\/\\\/nuevalibertad.org\\\/breves-economias-mexico-america-central-y-caribes-semana-de-13-de-junio-2024\\\/\",\"url\":\"https:\\\/\\\/nuevalibertad.org\\\/breves-economias-mexico-america-central-y-caribes-semana-de-13-de-junio-2024\\\/\",\"name\":\"Breves Economias, M\u00e9xico, America Central y Caribes. Semana de 13 de junio 2024. - Nueva Libertad y Gobierno\",\"isPartOf\":{\"@id\":\"https:\\\/\\\/nuevalibertad.org\\\/#website\"},\"primaryImageOfPage\":{\"@id\":\"https:\\\/\\\/nuevalibertad.org\\\/breves-economias-mexico-america-central-y-caribes-semana-de-13-de-junio-2024\\\/#primaryimage\"},\"image\":{\"@id\":\"https:\\\/\\\/nuevalibertad.org\\\/breves-economias-mexico-america-central-y-caribes-semana-de-13-de-junio-2024\\\/#primaryimage\"},\"thumbnailUrl\":\"https:\\\/\\\/nuevalibertad.org\\\/wp-content\\\/uploads\\\/2024\\\/01\\\/mexico-centroamerica-caribes.jpeg\",\"datePublished\":\"2024-06-15T07:08:11+00:00\",\"dateModified\":\"2024-06-15T07:08:17+00:00\",\"breadcrumb\":{\"@id\":\"https:\\\/\\\/nuevalibertad.org\\\/breves-economias-mexico-america-central-y-caribes-semana-de-13-de-junio-2024\\\/#breadcrumb\"},\"inLanguage\":\"en-US\",\"potentialAction\":[{\"@type\":\"ReadAction\",\"target\":[\"https:\\\/\\\/nuevalibertad.org\\\/breves-economias-mexico-america-central-y-caribes-semana-de-13-de-junio-2024\\\/\"]}]},{\"@type\":\"ImageObject\",\"inLanguage\":\"en-US\",\"@id\":\"https:\\\/\\\/nuevalibertad.org\\\/breves-economias-mexico-america-central-y-caribes-semana-de-13-de-junio-2024\\\/#primaryimage\",\"url\":\"https:\\\/\\\/nuevalibertad.org\\\/wp-content\\\/uploads\\\/2024\\\/01\\\/mexico-centroamerica-caribes.jpeg\",\"contentUrl\":\"https:\\\/\\\/nuevalibertad.org\\\/wp-content\\\/uploads\\\/2024\\\/01\\\/mexico-centroamerica-caribes.jpeg\",\"width\":1077,\"height\":1029,\"caption\":\"Globo del Mundo mostrando M\u00e9xico, Am\u00e9rica Central y Caribes\"},{\"@type\":\"BreadcrumbList\",\"@id\":\"https:\\\/\\\/nuevalibertad.org\\\/breves-economias-mexico-america-central-y-caribes-semana-de-13-de-junio-2024\\\/#breadcrumb\",\"itemListElement\":[{\"@type\":\"ListItem\",\"position\":1,\"name\":\"Portada\",\"item\":\"https:\\\/\\\/nuevalibertad.org\\\/\"},{\"@type\":\"ListItem\",\"position\":2,\"name\":\"Breves Economias, M\u00e9xico, America Central y Caribes. Semana de 13 de junio 2024.\"}]},{\"@type\":\"WebSite\",\"@id\":\"https:\\\/\\\/nuevalibertad.org\\\/#website\",\"url\":\"https:\\\/\\\/nuevalibertad.org\\\/\",\"name\":\"Nueva Libertad y Gobierno\",\"description\":\"Enfocados en la direcci\u00f3n correcta\",\"publisher\":{\"@id\":\"https:\\\/\\\/nuevalibertad.org\\\/#organization\"},\"potentialAction\":[{\"@type\":\"SearchAction\",\"target\":{\"@type\":\"EntryPoint\",\"urlTemplate\":\"https:\\\/\\\/nuevalibertad.org\\\/?s={search_term_string}\"},\"query-input\":{\"@type\":\"PropertyValueSpecification\",\"valueRequired\":true,\"valueName\":\"search_term_string\"}}],\"inLanguage\":\"en-US\"},{\"@type\":\"Organization\",\"@id\":\"https:\\\/\\\/nuevalibertad.org\\\/#organization\",\"name\":\"Nueva Libertad y Gobierno\",\"url\":\"https:\\\/\\\/nuevalibertad.org\\\/\",\"logo\":{\"@type\":\"ImageObject\",\"inLanguage\":\"en-US\",\"@id\":\"https:\\\/\\\/nuevalibertad.org\\\/#\\\/schema\\\/logo\\\/image\\\/\",\"url\":\"https:\\\/\\\/nuevalibertad.org\\\/wp-content\\\/uploads\\\/2023\\\/07\\\/cropped-nlg-1.png\",\"contentUrl\":\"https:\\\/\\\/nuevalibertad.org\\\/wp-content\\\/uploads\\\/2023\\\/07\\\/cropped-nlg-1.png\",\"width\":321,\"height\":189,\"caption\":\"Nueva Libertad y Gobierno\"},\"image\":{\"@id\":\"https:\\\/\\\/nuevalibertad.org\\\/#\\\/schema\\\/logo\\\/image\\\/\"}},{\"@type\":\"Person\",\"@id\":\"https:\\\/\\\/nuevalibertad.org\\\/#\\\/schema\\\/person\\\/58e0449416aa3b1f1a5506b8765c1de7\",\"name\":\"Belen\",\"image\":{\"@type\":\"ImageObject\",\"inLanguage\":\"en-US\",\"@id\":\"https:\\\/\\\/secure.gravatar.com\\\/avatar\\\/533e31f8aa710261aff9f2411528b184cd8917224cc52f3a33f72d48a23315d6?s=96&d=mm&r=g\",\"url\":\"https:\\\/\\\/secure.gravatar.com\\\/avatar\\\/533e31f8aa710261aff9f2411528b184cd8917224cc52f3a33f72d48a23315d6?s=96&d=mm&r=g\",\"contentUrl\":\"https:\\\/\\\/secure.gravatar.com\\\/avatar\\\/533e31f8aa710261aff9f2411528b184cd8917224cc52f3a33f72d48a23315d6?s=96&d=mm&r=g\",\"caption\":\"Belen\"},\"url\":\"https:\\\/\\\/nuevalibertad.org\\\/en\\\/author\\\/belenleon70\\\/\"}]}<\/script>\n<!-- \/ Yoast SEO plugin. -->","yoast_head_json":{"title":"Breves Economias, M\u00e9xico, America Central y Caribes. Semana de 13 de junio 2024. - Nueva Libertad y Gobierno","robots":{"index":"index","follow":"follow","max-snippet":"max-snippet:-1","max-image-preview":"max-image-preview:large","max-video-preview":"max-video-preview:-1"},"canonical":"https:\/\/nuevalibertad.org\/en\/breves-economias-mexico-america-central-y-caribes-semana-de-13-de-junio-2024\/","og_locale":"en_US","og_type":"article","og_title":"Breves Economias, M\u00e9xico, America Central y Caribes. Semana de 13 de junio 2024. - Nueva Libertad y Gobierno","og_description":"Cifras para recordar Seg\u00fan el Instituto Nacional de Estad\u00edstica y Geograf\u00eda (INEGI), en mayo de 2024, la tasa de inflaci\u00f3n general habr\u00eda acelerado solo 0,04 puntos, alcanzando el 4,7 % interanual M\u00e9xico Coyuntura macroecon\u00f3mica Despu\u00e9s de las elecciones presidenciales del 2 de junio, el peso mexicano se depreci\u00f3 un 8 % frente al d\u00f3lar estadounidense. &hellip; Breves Economias, M\u00e9xico, America Central y Caribes. Semana de 13 de junio 2024. Read More &raquo;","og_url":"https:\/\/nuevalibertad.org\/en\/breves-economias-mexico-america-central-y-caribes-semana-de-13-de-junio-2024\/","og_site_name":"Nueva Libertad y Gobierno","article_published_time":"2024-06-15T07:08:11+00:00","article_modified_time":"2024-06-15T07:08:17+00:00","og_image":[{"width":1077,"height":1029,"url":"https:\/\/nuevalibertad.org\/wp-content\/uploads\/2024\/01\/mexico-centroamerica-caribes.jpeg","type":"image\/jpeg"}],"author":"Belen","twitter_card":"summary_large_image","twitter_misc":{"Written by":"Belen","Est. reading time":"5 minutes"},"schema":{"@context":"https:\/\/schema.org","@graph":[{"@type":"Article","@id":"https:\/\/nuevalibertad.org\/breves-economias-mexico-america-central-y-caribes-semana-de-13-de-junio-2024\/#article","isPartOf":{"@id":"https:\/\/nuevalibertad.org\/breves-economias-mexico-america-central-y-caribes-semana-de-13-de-junio-2024\/"},"author":{"name":"Belen","@id":"https:\/\/nuevalibertad.org\/#\/schema\/person\/58e0449416aa3b1f1a5506b8765c1de7"},"headline":"Breves Economias, M\u00e9xico, America Central y Caribes. Semana de 13 de junio 2024.","datePublished":"2024-06-15T07:08:11+00:00","dateModified":"2024-06-15T07:08:17+00:00","mainEntityOfPage":{"@id":"https:\/\/nuevalibertad.org\/breves-economias-mexico-america-central-y-caribes-semana-de-13-de-junio-2024\/"},"wordCount":905,"publisher":{"@id":"https:\/\/nuevalibertad.org\/#organization"},"image":{"@id":"https:\/\/nuevalibertad.org\/breves-economias-mexico-america-central-y-caribes-semana-de-13-de-junio-2024\/#primaryimage"},"thumbnailUrl":"https:\/\/nuevalibertad.org\/wp-content\/uploads\/2024\/01\/mexico-centroamerica-caribes.jpeg","keywords":["Actualidad","Economia","Internacional","negocios"],"articleSection":["Publicaciones Digitales"],"inLanguage":"en-US"},{"@type":"WebPage","@id":"https:\/\/nuevalibertad.org\/breves-economias-mexico-america-central-y-caribes-semana-de-13-de-junio-2024\/","url":"https:\/\/nuevalibertad.org\/breves-economias-mexico-america-central-y-caribes-semana-de-13-de-junio-2024\/","name":"Breves Economias, M\u00e9xico, America Central y Caribes. Semana de 13 de junio 2024. - Nueva Libertad y Gobierno","isPartOf":{"@id":"https:\/\/nuevalibertad.org\/#website"},"primaryImageOfPage":{"@id":"https:\/\/nuevalibertad.org\/breves-economias-mexico-america-central-y-caribes-semana-de-13-de-junio-2024\/#primaryimage"},"image":{"@id":"https:\/\/nuevalibertad.org\/breves-economias-mexico-america-central-y-caribes-semana-de-13-de-junio-2024\/#primaryimage"},"thumbnailUrl":"https:\/\/nuevalibertad.org\/wp-content\/uploads\/2024\/01\/mexico-centroamerica-caribes.jpeg","datePublished":"2024-06-15T07:08:11+00:00","dateModified":"2024-06-15T07:08:17+00:00","breadcrumb":{"@id":"https:\/\/nuevalibertad.org\/breves-economias-mexico-america-central-y-caribes-semana-de-13-de-junio-2024\/#breadcrumb"},"inLanguage":"en-US","potentialAction":[{"@type":"ReadAction","target":["https:\/\/nuevalibertad.org\/breves-economias-mexico-america-central-y-caribes-semana-de-13-de-junio-2024\/"]}]},{"@type":"ImageObject","inLanguage":"en-US","@id":"https:\/\/nuevalibertad.org\/breves-economias-mexico-america-central-y-caribes-semana-de-13-de-junio-2024\/#primaryimage","url":"https:\/\/nuevalibertad.org\/wp-content\/uploads\/2024\/01\/mexico-centroamerica-caribes.jpeg","contentUrl":"https:\/\/nuevalibertad.org\/wp-content\/uploads\/2024\/01\/mexico-centroamerica-caribes.jpeg","width":1077,"height":1029,"caption":"Globo del Mundo mostrando M\u00e9xico, Am\u00e9rica Central y Caribes"},{"@type":"BreadcrumbList","@id":"https:\/\/nuevalibertad.org\/breves-economias-mexico-america-central-y-caribes-semana-de-13-de-junio-2024\/#breadcrumb","itemListElement":[{"@type":"ListItem","position":1,"name":"Portada","item":"https:\/\/nuevalibertad.org\/"},{"@type":"ListItem","position":2,"name":"Breves Economias, M\u00e9xico, America Central y Caribes. Semana de 13 de junio 2024."}]},{"@type":"WebSite","@id":"https:\/\/nuevalibertad.org\/#website","url":"https:\/\/nuevalibertad.org\/","name":"Nueva Libertad y Gobierno","description":"Enfocados en la direcci\u00f3n correcta","publisher":{"@id":"https:\/\/nuevalibertad.org\/#organization"},"potentialAction":[{"@type":"SearchAction","target":{"@type":"EntryPoint","urlTemplate":"https:\/\/nuevalibertad.org\/?s={search_term_string}"},"query-input":{"@type":"PropertyValueSpecification","valueRequired":true,"valueName":"search_term_string"}}],"inLanguage":"en-US"},{"@type":"Organization","@id":"https:\/\/nuevalibertad.org\/#organization","name":"Nueva Libertad y Gobierno","url":"https:\/\/nuevalibertad.org\/","logo":{"@type":"ImageObject","inLanguage":"en-US","@id":"https:\/\/nuevalibertad.org\/#\/schema\/logo\/image\/","url":"https:\/\/nuevalibertad.org\/wp-content\/uploads\/2023\/07\/cropped-nlg-1.png","contentUrl":"https:\/\/nuevalibertad.org\/wp-content\/uploads\/2023\/07\/cropped-nlg-1.png","width":321,"height":189,"caption":"Nueva Libertad y Gobierno"},"image":{"@id":"https:\/\/nuevalibertad.org\/#\/schema\/logo\/image\/"}},{"@type":"Person","@id":"https:\/\/nuevalibertad.org\/#\/schema\/person\/58e0449416aa3b1f1a5506b8765c1de7","name":"Belen","image":{"@type":"ImageObject","inLanguage":"en-US","@id":"https:\/\/secure.gravatar.com\/avatar\/533e31f8aa710261aff9f2411528b184cd8917224cc52f3a33f72d48a23315d6?s=96&d=mm&r=g","url":"https:\/\/secure.gravatar.com\/avatar\/533e31f8aa710261aff9f2411528b184cd8917224cc52f3a33f72d48a23315d6?s=96&d=mm&r=g","contentUrl":"https:\/\/secure.gravatar.com\/avatar\/533e31f8aa710261aff9f2411528b184cd8917224cc52f3a33f72d48a23315d6?s=96&d=mm&r=g","caption":"Belen"},"url":"https:\/\/nuevalibertad.org\/en\/author\/belenleon70\/"}]}},"jetpack_featured_media_url":"https:\/\/nuevalibertad.org\/wp-content\/uploads\/2024\/01\/mexico-centroamerica-caribes.jpeg","jetpack_sharing_enabled":true,"_links":{"self":[{"href":"https:\/\/nuevalibertad.org\/en\/wp-json\/wp\/v2\/posts\/2424","targetHints":{"allow":["GET"]}}],"collection":[{"href":"https:\/\/nuevalibertad.org\/en\/wp-json\/wp\/v2\/posts"}],"about":[{"href":"https:\/\/nuevalibertad.org\/en\/wp-json\/wp\/v2\/types\/post"}],"author":[{"embeddable":true,"href":"https:\/\/nuevalibertad.org\/en\/wp-json\/wp\/v2\/users\/5"}],"replies":[{"embeddable":true,"href":"https:\/\/nuevalibertad.org\/en\/wp-json\/wp\/v2\/comments?post=2424"}],"version-history":[{"count":1,"href":"https:\/\/nuevalibertad.org\/en\/wp-json\/wp\/v2\/posts\/2424\/revisions"}],"predecessor-version":[{"id":2425,"href":"https:\/\/nuevalibertad.org\/en\/wp-json\/wp\/v2\/posts\/2424\/revisions\/2425"}],"wp:featuredmedia":[{"embeddable":true,"href":"https:\/\/nuevalibertad.org\/en\/wp-json\/wp\/v2\/media\/2316"}],"wp:attachment":[{"href":"https:\/\/nuevalibertad.org\/en\/wp-json\/wp\/v2\/media?parent=2424"}],"wp:term":[{"taxonomy":"category","embeddable":true,"href":"https:\/\/nuevalibertad.org\/en\/wp-json\/wp\/v2\/categories?post=2424"},{"taxonomy":"post_tag","embeddable":true,"href":"https:\/\/nuevalibertad.org\/en\/wp-json\/wp\/v2\/tags?post=2424"}],"curies":[{"name":"wp","href":"https:\/\/api.w.org\/{rel}","templated":true}]}}