{"id":2468,"date":"2024-08-28T14:53:53","date_gmt":"2024-08-28T14:53:53","guid":{"rendered":"https:\/\/nuevalibertad.org\/?p=2468"},"modified":"2024-08-28T15:11:18","modified_gmt":"2024-08-28T15:11:18","slug":"uno-de-cada-ocho-alumnos-en-francia-tienen-miedo-de-volver-a-la-escuela","status":"publish","type":"post","link":"https:\/\/nuevalibertad.org\/en\/uno-de-cada-ocho-alumnos-en-francia-tienen-miedo-de-volver-a-la-escuela\/","title":{"rendered":"Uno de cada ocho alumnos en Francia tienen miedo de volver a la escuela."},"content":{"rendered":"<p><strong>La violencia escolar en Francia es una preocupaci\u00f3n creciente entre estudiantes y padres<\/strong>.<\/p>\n\n\n\n<p>Esto se refleja en los \u00faltimos a\u00f1os, hay un temor de los estudiantes en Francia de asistir a la escuela que ha aumentado significativamente debido a la violencia y los ataques en los centros educativos. <strong>Seg\u00fan informes recientes del Ministerio de Educaci\u00f3n franc\u00e9s<\/strong>, alrededor del 12% de los estudiantes experimentan ansiedad y miedo al inicio del a\u00f1o escolar, esto supone que 1 de cada 8 alumnos, sufren por la posibilidad de sufrir acoso, agresiones f\u00edsicas o incluso en algunos casos, ataques m\u00e1s graves dentro del entorno educativo hacia ellos o sus profesores. Esta inquietud es especialmente aguda en ciertas \u00e1reas urbanas, como las banlieues de Par\u00eds, Marsella y Lyon, donde los incidentes violentos son m\u00e1s frecuentes.<\/p>\n\n\n\n<p><strong>\u00bf Cuales son los factores que contribuyen al temor Escolar?<\/strong> El incremento de la violencia escolar en Francia se debe a una combinaci\u00f3n de situaciones, donde estaca el acoso escolar, los ataques verbales y, en algunos casos, la violencia f\u00edsica. Estos incidentes han sido amplificados por la cobertura medi\u00e1tica y las redes sociales, lo que ha incrementado la percepci\u00f3n del riesgo tanto entre los estudiantes como entre sus familias. En particular, algunas \u00e1reas suburbanas de las grandes ciudades son las m\u00e1s afectadas al sufrir \u00edndices de pobreza y diversidad cultural.<\/p>\n\n\n\n<p><strong>\u00bfY la preocupaci\u00f3n de los padres? <\/strong>Pues los padres en Francia tambi\u00e9n han visto aumentar su preocupaci\u00f3n por la seguridad de sus hijos en las escuelas. Seg\u00fan encuestas recientes, entre el 30% y el 40% de los padres temen que sus hijos puedan ser v\u00edctimas de violencia escolar. Este miedo es m\u00e1s pronunciado en las grandes ciudades y en las banlieues, donde la inseguridad es mayor debido a la frecuencia de los incidentes violentos. El acoso escolar, las agresiones f\u00edsicas y sobre todo la creciente violencia en el entorno educativo son las principales causas de esta preocupaci\u00f3n.<\/p>\n\n\n\n<p>Hay una variacion notable de la preocupacion , dependiendo de la ubicacion geografica y el contexto social <\/p>\n\n\n\n<p><strong>Zonas urbanas vs. rurales:<\/strong><\/p>\n\n\n\n<p><strong>Zonas urbanas: <\/strong>La preocupaci\u00f3n es mayor en las grandes ciudades, especialmente en los suburbios donde la densidad de poblaci\u00f3n, pobreza y la diversidad cultural contribuyen a un entorno m\u00e1s conflictivo. En estos barrios, la violencia no solo es f\u00edsica, sino tambi\u00e9n simb\u00f3lica, relacionada con el acoso y la exclusi\u00f3n social.<\/p>\n\n\n\n<p><strong>Zonas rurales:<\/strong> Aunque la preocupaci\u00f3n por la violencia escolar es menor en las zonas rurales, existe y adem\u00e1s enfrentan otros desaf\u00edos, como el acceso limitado al acceso de ramas educativas, teniendo que trasladarse a la ciudad, lo que afecta la percepci\u00f3n de seguridad.<\/p>\n\n\n\n<p><strong>Barrios o sectores de las ciudades:<\/strong><\/p>\n\n\n\n<p><strong>Barrios de ingresos bajos y alta diversidad cultural: <\/strong>Estos sectores en las grandes ciudades, caracterizados por \u00edndices de pobreza y desempleo, experimentan mayor temor a la violencia escolar. Los problemas de integraci\u00f3n social y la criminalidad general contribuyen a un entorno educativo mucho m\u00e1s tenso.<\/p>\n\n\n\n<p><strong>Sectores con inmigraci\u00f3n reciente: <\/strong>Las \u00e1reas que han visto un r\u00e1pido cambio demogr\u00e1fico debido a la llegada de inmigrantes suelen tener una mayor preocupaci\u00f3n por la violencia. Las tensiones sociales y culturales se reflejan en el entorno escolar, lo que aumenta la ansiedad de los padres.<\/p>\n\n\n\n<p><strong>Impacto del cambio demogr\u00e1fico<\/strong><\/p>\n\n\n\n<p>El cambio demogr\u00e1fico en Francia, impulsado por la llegada de inmigrantes y refugiados en las \u00faltimas d\u00e9cadas, ha afectado la composici\u00f3n social de las escuelas, especialmente en las <em>banlieues<\/em>. La creciente diversidad en las aulas ha generado tensiones y, en algunos casos, incidentes de violencia, lo que preocupa a los padres. El desaf\u00edo de la integraci\u00f3n y la convivencia multicultural han aumentado la percepci\u00f3n de riesgo, y contribuye a un ambiente escolar m\u00e1s conflictivo.<\/p>\n\n\n\n<p>As\u00ed pues, la violencia escolar en Francia es una preocupaci\u00f3n creciente, especialmente en las zonas donde los cambios demogr\u00e1ficos y las tensiones sociales han exacerbado el problema. Tanto estudiantes como padres expresan temor por la seguridad en las escuelas, lo que refleja la necesidad de abordar de manera urgente y efectiva esta problem\u00e1tica para garantizar un entorno educativo seguro y saludable para todos.<\/p>\n\n\n\n<p>Bel\u00e9n de Le\u00f3n <\/p>\n\n\n\n<p>Directora de <a href=\"https:\/\/nuevalibertad.org\/en\/\">NLG <\/a>France<\/p>\n\n\n\n<p>Consejera y Relaciones Institucionales NLG <\/p>","protected":false},"excerpt":{"rendered":"<p>La violencia escolar en Francia es una preocupaci\u00f3n creciente entre estudiantes y padres. Esto se refleja en los \u00faltimos a\u00f1os, hay un temor de los estudiantes en Francia de asistir a la escuela que ha aumentado significativamente debido a la violencia y los ataques en los centros educativos. Seg\u00fan informes recientes del Ministerio de Educaci\u00f3n &hellip;<\/p>\n<p class=\"read-more\"> <a class=\"\" href=\"https:\/\/nuevalibertad.org\/en\/uno-de-cada-ocho-alumnos-en-francia-tienen-miedo-de-volver-a-la-escuela\/\"> <span class=\"screen-reader-text\">Uno de cada ocho alumnos en Francia tienen miedo de volver a la escuela.<\/span> Read More &raquo;<\/a><\/p>","protected":false},"author":5,"featured_media":2470,"comment_status":"closed","ping_status":"closed","sticky":false,"template":"","format":"standard","meta":{"sfsi_plus_gutenberg_text_before_share":"","sfsi_plus_gutenberg_show_text_before_share":"","sfsi_plus_gutenberg_icon_type":"","sfsi_plus_gutenberg_icon_alignemt":"","sfsi_plus_gutenburg_max_per_row":"","site-sidebar-layout":"default","site-content-layout":"default","ast-global-header-display":"","ast-banner-title-visibility":"","ast-main-header-display":"","ast-hfb-above-header-display":"","ast-hfb-below-header-display":"","ast-hfb-mobile-header-display":"","site-post-title":"","ast-breadcrumbs-content":"","ast-featured-img":"","footer-sml-layout":"","theme-transparent-header-meta":"","adv-header-id-meta":"","stick-header-meta":"","header-above-stick-meta":"","header-main-stick-meta":"","header-below-stick-meta":"","_jetpack_memberships_contains_paid_content":false,"footnotes":""},"categories":[8,9],"tags":[84,86,68,85,87,46],"class_list":["post-2468","post","type-post","status-publish","format-standard","has-post-thumbnail","hentry","category-articulos","category-publicaciones-digitales","tag-colegios","tag-educacion","tag-francia","tag-liceos","tag-preocupacion","tag-violencia"],"yoast_head":"<!-- This site is optimized with the Yoast SEO plugin v27.4 - https:\/\/yoast.com\/product\/yoast-seo-wordpress\/ -->\n<title>Uno de cada ocho alumnos en Francia tienen miedo de volver a la escuela. - Nueva Libertad y Gobierno<\/title>\n<meta name=\"robots\" content=\"index, follow, max-snippet:-1, max-image-preview:large, max-video-preview:-1\" \/>\n<link rel=\"canonical\" href=\"https:\/\/nuevalibertad.org\/en\/uno-de-cada-ocho-alumnos-en-francia-tienen-miedo-de-volver-a-la-escuela\/\" \/>\n<meta property=\"og:locale\" content=\"en_US\" \/>\n<meta property=\"og:type\" content=\"article\" \/>\n<meta property=\"og:title\" content=\"Uno de cada ocho alumnos en Francia tienen miedo de volver a la escuela. - Nueva Libertad y Gobierno\" \/>\n<meta property=\"og:description\" content=\"La violencia escolar en Francia es una preocupaci\u00f3n creciente entre estudiantes y padres. Esto se refleja en los \u00faltimos a\u00f1os, hay un temor de los estudiantes en Francia de asistir a la escuela que ha aumentado significativamente debido a la violencia y los ataques en los centros educativos. Seg\u00fan informes recientes del Ministerio de Educaci\u00f3n &hellip; Uno de cada ocho alumnos en Francia tienen miedo de volver a la escuela. Read More &raquo;\" \/>\n<meta property=\"og:url\" content=\"https:\/\/nuevalibertad.org\/en\/uno-de-cada-ocho-alumnos-en-francia-tienen-miedo-de-volver-a-la-escuela\/\" \/>\n<meta property=\"og:site_name\" content=\"Nueva Libertad y Gobierno\" \/>\n<meta property=\"article:published_time\" content=\"2024-08-28T14:53:53+00:00\" \/>\n<meta property=\"article:modified_time\" content=\"2024-08-28T15:11:18+00:00\" \/>\n<meta name=\"author\" content=\"Belen\" \/>\n<meta name=\"twitter:card\" content=\"summary_large_image\" \/>\n<meta name=\"twitter:label1\" content=\"Written by\" \/>\n\t<meta name=\"twitter:data1\" content=\"Belen\" \/>\n\t<meta name=\"twitter:label2\" content=\"Est. reading time\" \/>\n\t<meta name=\"twitter:data2\" content=\"4 minutes\" \/>\n<script type=\"application\/ld+json\" class=\"yoast-schema-graph\">{\"@context\":\"https:\\\/\\\/schema.org\",\"@graph\":[{\"@type\":\"Article\",\"@id\":\"https:\\\/\\\/nuevalibertad.org\\\/uno-de-cada-ocho-alumnos-en-francia-tienen-miedo-de-volver-a-la-escuela\\\/#article\",\"isPartOf\":{\"@id\":\"https:\\\/\\\/nuevalibertad.org\\\/uno-de-cada-ocho-alumnos-en-francia-tienen-miedo-de-volver-a-la-escuela\\\/\"},\"author\":{\"name\":\"Belen\",\"@id\":\"https:\\\/\\\/nuevalibertad.org\\\/#\\\/schema\\\/person\\\/58e0449416aa3b1f1a5506b8765c1de7\"},\"headline\":\"Uno de cada ocho alumnos en Francia tienen miedo de volver a la escuela.\",\"datePublished\":\"2024-08-28T14:53:53+00:00\",\"dateModified\":\"2024-08-28T15:11:18+00:00\",\"mainEntityOfPage\":{\"@id\":\"https:\\\/\\\/nuevalibertad.org\\\/uno-de-cada-ocho-alumnos-en-francia-tienen-miedo-de-volver-a-la-escuela\\\/\"},\"wordCount\":740,\"publisher\":{\"@id\":\"https:\\\/\\\/nuevalibertad.org\\\/#organization\"},\"image\":{\"@id\":\"https:\\\/\\\/nuevalibertad.org\\\/uno-de-cada-ocho-alumnos-en-francia-tienen-miedo-de-volver-a-la-escuela\\\/#primaryimage\"},\"thumbnailUrl\":\"https:\\\/\\\/nuevalibertad.org\\\/wp-content\\\/uploads\\\/2024\\\/08\\\/colegio.avif\",\"keywords\":[\"Colegios\",\"educacion\",\"francia\",\"Liceos\",\"preocupacion\",\"Violencia\"],\"articleSection\":[\"Art\u00edculos\",\"Publicaciones Digitales\"],\"inLanguage\":\"en-US\"},{\"@type\":\"WebPage\",\"@id\":\"https:\\\/\\\/nuevalibertad.org\\\/uno-de-cada-ocho-alumnos-en-francia-tienen-miedo-de-volver-a-la-escuela\\\/\",\"url\":\"https:\\\/\\\/nuevalibertad.org\\\/uno-de-cada-ocho-alumnos-en-francia-tienen-miedo-de-volver-a-la-escuela\\\/\",\"name\":\"Uno de cada ocho alumnos en Francia tienen miedo de volver a la escuela. - Nueva Libertad y Gobierno\",\"isPartOf\":{\"@id\":\"https:\\\/\\\/nuevalibertad.org\\\/#website\"},\"primaryImageOfPage\":{\"@id\":\"https:\\\/\\\/nuevalibertad.org\\\/uno-de-cada-ocho-alumnos-en-francia-tienen-miedo-de-volver-a-la-escuela\\\/#primaryimage\"},\"image\":{\"@id\":\"https:\\\/\\\/nuevalibertad.org\\\/uno-de-cada-ocho-alumnos-en-francia-tienen-miedo-de-volver-a-la-escuela\\\/#primaryimage\"},\"thumbnailUrl\":\"https:\\\/\\\/nuevalibertad.org\\\/wp-content\\\/uploads\\\/2024\\\/08\\\/colegio.avif\",\"datePublished\":\"2024-08-28T14:53:53+00:00\",\"dateModified\":\"2024-08-28T15:11:18+00:00\",\"breadcrumb\":{\"@id\":\"https:\\\/\\\/nuevalibertad.org\\\/uno-de-cada-ocho-alumnos-en-francia-tienen-miedo-de-volver-a-la-escuela\\\/#breadcrumb\"},\"inLanguage\":\"en-US\",\"potentialAction\":[{\"@type\":\"ReadAction\",\"target\":[\"https:\\\/\\\/nuevalibertad.org\\\/uno-de-cada-ocho-alumnos-en-francia-tienen-miedo-de-volver-a-la-escuela\\\/\"]}]},{\"@type\":\"ImageObject\",\"inLanguage\":\"en-US\",\"@id\":\"https:\\\/\\\/nuevalibertad.org\\\/uno-de-cada-ocho-alumnos-en-francia-tienen-miedo-de-volver-a-la-escuela\\\/#primaryimage\",\"url\":\"https:\\\/\\\/nuevalibertad.org\\\/wp-content\\\/uploads\\\/2024\\\/08\\\/colegio.avif\",\"contentUrl\":\"https:\\\/\\\/nuevalibertad.org\\\/wp-content\\\/uploads\\\/2024\\\/08\\\/colegio.avif\",\"width\":600,\"height\":403},{\"@type\":\"BreadcrumbList\",\"@id\":\"https:\\\/\\\/nuevalibertad.org\\\/uno-de-cada-ocho-alumnos-en-francia-tienen-miedo-de-volver-a-la-escuela\\\/#breadcrumb\",\"itemListElement\":[{\"@type\":\"ListItem\",\"position\":1,\"name\":\"Portada\",\"item\":\"https:\\\/\\\/nuevalibertad.org\\\/\"},{\"@type\":\"ListItem\",\"position\":2,\"name\":\"Uno de cada ocho alumnos en Francia tienen miedo de volver a la escuela.\"}]},{\"@type\":\"WebSite\",\"@id\":\"https:\\\/\\\/nuevalibertad.org\\\/#website\",\"url\":\"https:\\\/\\\/nuevalibertad.org\\\/\",\"name\":\"Nueva Libertad y Gobierno\",\"description\":\"Enfocados en la direcci\u00f3n correcta\",\"publisher\":{\"@id\":\"https:\\\/\\\/nuevalibertad.org\\\/#organization\"},\"potentialAction\":[{\"@type\":\"SearchAction\",\"target\":{\"@type\":\"EntryPoint\",\"urlTemplate\":\"https:\\\/\\\/nuevalibertad.org\\\/?s={search_term_string}\"},\"query-input\":{\"@type\":\"PropertyValueSpecification\",\"valueRequired\":true,\"valueName\":\"search_term_string\"}}],\"inLanguage\":\"en-US\"},{\"@type\":\"Organization\",\"@id\":\"https:\\\/\\\/nuevalibertad.org\\\/#organization\",\"name\":\"Nueva Libertad y Gobierno\",\"url\":\"https:\\\/\\\/nuevalibertad.org\\\/\",\"logo\":{\"@type\":\"ImageObject\",\"inLanguage\":\"en-US\",\"@id\":\"https:\\\/\\\/nuevalibertad.org\\\/#\\\/schema\\\/logo\\\/image\\\/\",\"url\":\"https:\\\/\\\/nuevalibertad.org\\\/wp-content\\\/uploads\\\/2023\\\/07\\\/cropped-nlg-1.png\",\"contentUrl\":\"https:\\\/\\\/nuevalibertad.org\\\/wp-content\\\/uploads\\\/2023\\\/07\\\/cropped-nlg-1.png\",\"width\":321,\"height\":189,\"caption\":\"Nueva Libertad y Gobierno\"},\"image\":{\"@id\":\"https:\\\/\\\/nuevalibertad.org\\\/#\\\/schema\\\/logo\\\/image\\\/\"}},{\"@type\":\"Person\",\"@id\":\"https:\\\/\\\/nuevalibertad.org\\\/#\\\/schema\\\/person\\\/58e0449416aa3b1f1a5506b8765c1de7\",\"name\":\"Belen\",\"image\":{\"@type\":\"ImageObject\",\"inLanguage\":\"en-US\",\"@id\":\"https:\\\/\\\/secure.gravatar.com\\\/avatar\\\/533e31f8aa710261aff9f2411528b184cd8917224cc52f3a33f72d48a23315d6?s=96&d=mm&r=g\",\"url\":\"https:\\\/\\\/secure.gravatar.com\\\/avatar\\\/533e31f8aa710261aff9f2411528b184cd8917224cc52f3a33f72d48a23315d6?s=96&d=mm&r=g\",\"contentUrl\":\"https:\\\/\\\/secure.gravatar.com\\\/avatar\\\/533e31f8aa710261aff9f2411528b184cd8917224cc52f3a33f72d48a23315d6?s=96&d=mm&r=g\",\"caption\":\"Belen\"},\"url\":\"https:\\\/\\\/nuevalibertad.org\\\/en\\\/author\\\/belenleon70\\\/\"}]}<\/script>\n<!-- \/ Yoast SEO plugin. -->","yoast_head_json":{"title":"Uno de cada ocho alumnos en Francia tienen miedo de volver a la escuela. - Nueva Libertad y Gobierno","robots":{"index":"index","follow":"follow","max-snippet":"max-snippet:-1","max-image-preview":"max-image-preview:large","max-video-preview":"max-video-preview:-1"},"canonical":"https:\/\/nuevalibertad.org\/en\/uno-de-cada-ocho-alumnos-en-francia-tienen-miedo-de-volver-a-la-escuela\/","og_locale":"en_US","og_type":"article","og_title":"Uno de cada ocho alumnos en Francia tienen miedo de volver a la escuela. - Nueva Libertad y Gobierno","og_description":"La violencia escolar en Francia es una preocupaci\u00f3n creciente entre estudiantes y padres. Esto se refleja en los \u00faltimos a\u00f1os, hay un temor de los estudiantes en Francia de asistir a la escuela que ha aumentado significativamente debido a la violencia y los ataques en los centros educativos. Seg\u00fan informes recientes del Ministerio de Educaci\u00f3n &hellip; Uno de cada ocho alumnos en Francia tienen miedo de volver a la escuela. Read More &raquo;","og_url":"https:\/\/nuevalibertad.org\/en\/uno-de-cada-ocho-alumnos-en-francia-tienen-miedo-de-volver-a-la-escuela\/","og_site_name":"Nueva Libertad y Gobierno","article_published_time":"2024-08-28T14:53:53+00:00","article_modified_time":"2024-08-28T15:11:18+00:00","author":"Belen","twitter_card":"summary_large_image","twitter_misc":{"Written by":"Belen","Est. reading time":"4 minutes"},"schema":{"@context":"https:\/\/schema.org","@graph":[{"@type":"Article","@id":"https:\/\/nuevalibertad.org\/uno-de-cada-ocho-alumnos-en-francia-tienen-miedo-de-volver-a-la-escuela\/#article","isPartOf":{"@id":"https:\/\/nuevalibertad.org\/uno-de-cada-ocho-alumnos-en-francia-tienen-miedo-de-volver-a-la-escuela\/"},"author":{"name":"Belen","@id":"https:\/\/nuevalibertad.org\/#\/schema\/person\/58e0449416aa3b1f1a5506b8765c1de7"},"headline":"Uno de cada ocho alumnos en Francia tienen miedo de volver a la escuela.","datePublished":"2024-08-28T14:53:53+00:00","dateModified":"2024-08-28T15:11:18+00:00","mainEntityOfPage":{"@id":"https:\/\/nuevalibertad.org\/uno-de-cada-ocho-alumnos-en-francia-tienen-miedo-de-volver-a-la-escuela\/"},"wordCount":740,"publisher":{"@id":"https:\/\/nuevalibertad.org\/#organization"},"image":{"@id":"https:\/\/nuevalibertad.org\/uno-de-cada-ocho-alumnos-en-francia-tienen-miedo-de-volver-a-la-escuela\/#primaryimage"},"thumbnailUrl":"https:\/\/nuevalibertad.org\/wp-content\/uploads\/2024\/08\/colegio.avif","keywords":["Colegios","educacion","francia","Liceos","preocupacion","Violencia"],"articleSection":["Art\u00edculos","Publicaciones Digitales"],"inLanguage":"en-US"},{"@type":"WebPage","@id":"https:\/\/nuevalibertad.org\/uno-de-cada-ocho-alumnos-en-francia-tienen-miedo-de-volver-a-la-escuela\/","url":"https:\/\/nuevalibertad.org\/uno-de-cada-ocho-alumnos-en-francia-tienen-miedo-de-volver-a-la-escuela\/","name":"Uno de cada ocho alumnos en Francia tienen miedo de volver a la escuela. - Nueva Libertad y Gobierno","isPartOf":{"@id":"https:\/\/nuevalibertad.org\/#website"},"primaryImageOfPage":{"@id":"https:\/\/nuevalibertad.org\/uno-de-cada-ocho-alumnos-en-francia-tienen-miedo-de-volver-a-la-escuela\/#primaryimage"},"image":{"@id":"https:\/\/nuevalibertad.org\/uno-de-cada-ocho-alumnos-en-francia-tienen-miedo-de-volver-a-la-escuela\/#primaryimage"},"thumbnailUrl":"https:\/\/nuevalibertad.org\/wp-content\/uploads\/2024\/08\/colegio.avif","datePublished":"2024-08-28T14:53:53+00:00","dateModified":"2024-08-28T15:11:18+00:00","breadcrumb":{"@id":"https:\/\/nuevalibertad.org\/uno-de-cada-ocho-alumnos-en-francia-tienen-miedo-de-volver-a-la-escuela\/#breadcrumb"},"inLanguage":"en-US","potentialAction":[{"@type":"ReadAction","target":["https:\/\/nuevalibertad.org\/uno-de-cada-ocho-alumnos-en-francia-tienen-miedo-de-volver-a-la-escuela\/"]}]},{"@type":"ImageObject","inLanguage":"en-US","@id":"https:\/\/nuevalibertad.org\/uno-de-cada-ocho-alumnos-en-francia-tienen-miedo-de-volver-a-la-escuela\/#primaryimage","url":"https:\/\/nuevalibertad.org\/wp-content\/uploads\/2024\/08\/colegio.avif","contentUrl":"https:\/\/nuevalibertad.org\/wp-content\/uploads\/2024\/08\/colegio.avif","width":600,"height":403},{"@type":"BreadcrumbList","@id":"https:\/\/nuevalibertad.org\/uno-de-cada-ocho-alumnos-en-francia-tienen-miedo-de-volver-a-la-escuela\/#breadcrumb","itemListElement":[{"@type":"ListItem","position":1,"name":"Portada","item":"https:\/\/nuevalibertad.org\/"},{"@type":"ListItem","position":2,"name":"Uno de cada ocho alumnos en Francia tienen miedo de volver a la escuela."}]},{"@type":"WebSite","@id":"https:\/\/nuevalibertad.org\/#website","url":"https:\/\/nuevalibertad.org\/","name":"Nueva Libertad y Gobierno","description":"Enfocados en la direcci\u00f3n correcta","publisher":{"@id":"https:\/\/nuevalibertad.org\/#organization"},"potentialAction":[{"@type":"SearchAction","target":{"@type":"EntryPoint","urlTemplate":"https:\/\/nuevalibertad.org\/?s={search_term_string}"},"query-input":{"@type":"PropertyValueSpecification","valueRequired":true,"valueName":"search_term_string"}}],"inLanguage":"en-US"},{"@type":"Organization","@id":"https:\/\/nuevalibertad.org\/#organization","name":"Nueva Libertad y Gobierno","url":"https:\/\/nuevalibertad.org\/","logo":{"@type":"ImageObject","inLanguage":"en-US","@id":"https:\/\/nuevalibertad.org\/#\/schema\/logo\/image\/","url":"https:\/\/nuevalibertad.org\/wp-content\/uploads\/2023\/07\/cropped-nlg-1.png","contentUrl":"https:\/\/nuevalibertad.org\/wp-content\/uploads\/2023\/07\/cropped-nlg-1.png","width":321,"height":189,"caption":"Nueva Libertad y Gobierno"},"image":{"@id":"https:\/\/nuevalibertad.org\/#\/schema\/logo\/image\/"}},{"@type":"Person","@id":"https:\/\/nuevalibertad.org\/#\/schema\/person\/58e0449416aa3b1f1a5506b8765c1de7","name":"Belen","image":{"@type":"ImageObject","inLanguage":"en-US","@id":"https:\/\/secure.gravatar.com\/avatar\/533e31f8aa710261aff9f2411528b184cd8917224cc52f3a33f72d48a23315d6?s=96&d=mm&r=g","url":"https:\/\/secure.gravatar.com\/avatar\/533e31f8aa710261aff9f2411528b184cd8917224cc52f3a33f72d48a23315d6?s=96&d=mm&r=g","contentUrl":"https:\/\/secure.gravatar.com\/avatar\/533e31f8aa710261aff9f2411528b184cd8917224cc52f3a33f72d48a23315d6?s=96&d=mm&r=g","caption":"Belen"},"url":"https:\/\/nuevalibertad.org\/en\/author\/belenleon70\/"}]}},"jetpack_featured_media_url":"https:\/\/nuevalibertad.org\/wp-content\/uploads\/2024\/08\/colegio.avif","jetpack_sharing_enabled":true,"_links":{"self":[{"href":"https:\/\/nuevalibertad.org\/en\/wp-json\/wp\/v2\/posts\/2468","targetHints":{"allow":["GET"]}}],"collection":[{"href":"https:\/\/nuevalibertad.org\/en\/wp-json\/wp\/v2\/posts"}],"about":[{"href":"https:\/\/nuevalibertad.org\/en\/wp-json\/wp\/v2\/types\/post"}],"author":[{"embeddable":true,"href":"https:\/\/nuevalibertad.org\/en\/wp-json\/wp\/v2\/users\/5"}],"replies":[{"embeddable":true,"href":"https:\/\/nuevalibertad.org\/en\/wp-json\/wp\/v2\/comments?post=2468"}],"version-history":[{"count":6,"href":"https:\/\/nuevalibertad.org\/en\/wp-json\/wp\/v2\/posts\/2468\/revisions"}],"predecessor-version":[{"id":2478,"href":"https:\/\/nuevalibertad.org\/en\/wp-json\/wp\/v2\/posts\/2468\/revisions\/2478"}],"wp:featuredmedia":[{"embeddable":true,"href":"https:\/\/nuevalibertad.org\/en\/wp-json\/wp\/v2\/media\/2470"}],"wp:attachment":[{"href":"https:\/\/nuevalibertad.org\/en\/wp-json\/wp\/v2\/media?parent=2468"}],"wp:term":[{"taxonomy":"category","embeddable":true,"href":"https:\/\/nuevalibertad.org\/en\/wp-json\/wp\/v2\/categories?post=2468"},{"taxonomy":"post_tag","embeddable":true,"href":"https:\/\/nuevalibertad.org\/en\/wp-json\/wp\/v2\/tags?post=2468"}],"curies":[{"name":"wp","href":"https:\/\/api.w.org\/{rel}","templated":true}]}}