{"id":2479,"date":"2024-09-10T07:41:14","date_gmt":"2024-09-10T07:41:14","guid":{"rendered":"https:\/\/nuevalibertad.org\/?p=2479"},"modified":"2024-09-10T07:41:25","modified_gmt":"2024-09-10T07:41:25","slug":"breves-economias-mexico-america-central-y-caribes-semana-del-5-de-septiembre-2024","status":"publish","type":"post","link":"https:\/\/nuevalibertad.org\/en\/breves-economias-mexico-america-central-y-caribes-semana-del-5-de-septiembre-2024\/","title":{"rendered":"Breves Econom\u00edas, M\u00e9xico, Am\u00e9rica Central y Caribes. Semana del 5 de septiembre 2024."},"content":{"rendered":"<figure class=\"wp-block-image aligncenter size-large is-resized\"><img fetchpriority=\"high\" decoding=\"async\" width=\"1024\" height=\"978\" src=\"https:\/\/nuevalibertad.org\/wp-content\/uploads\/2024\/01\/mexico-centroamerica-caribes-1024x978.jpeg\" alt=\"\" class=\"wp-image-2316\" style=\"width:144px;height:auto\" srcset=\"https:\/\/nuevalibertad.org\/wp-content\/uploads\/2024\/01\/mexico-centroamerica-caribes-1024x978.jpeg 1024w, https:\/\/nuevalibertad.org\/wp-content\/uploads\/2024\/01\/mexico-centroamerica-caribes-300x287.jpeg 300w, https:\/\/nuevalibertad.org\/wp-content\/uploads\/2024\/01\/mexico-centroamerica-caribes-768x734.jpeg 768w, https:\/\/nuevalibertad.org\/wp-content\/uploads\/2024\/01\/mexico-centroamerica-caribes-13x12.jpeg 13w, https:\/\/nuevalibertad.org\/wp-content\/uploads\/2024\/01\/mexico-centroamerica-caribes.jpeg 1077w\" sizes=\"(max-width: 1024px) 100vw, 1024px\" \/><\/figure>\n\n\n\n<p><strong>Cifras para recordar <\/strong><\/p>\n\n\n\n<p>En su nuevo informe trimestral, el Banco Central de M\u00e9xico (Banxico) ha revisado a la baja la tasa de crecimiento del PIB, que ahora se estima para 2024 en un 1,5 % interanual, frente al 2,4 % de su informe anterior.<\/p>\n\n\n\n<p><strong>Mexico<\/strong><\/p>\n\n\n\n<p><strong>Coyuntura macroecon\u00f3mico<\/strong><\/p>\n\n\n\n<p>La C\u00e1mara de Diputados que asumi\u00f3 funciones el 1 de septiembre aprob\u00f3 con 359 votos contra 135 la controvertida reforma constitucional del sistema judicial promovida por el presidente saliente AMLO. El peso mexicano habr\u00eda continuado depreci\u00e1ndose en agosto y principios de septiembre, alcanzando los 19,83 MXN\/USD el 5 de septiembre (en comparaci\u00f3n con 16,93 MXN\/USD en la v\u00edspera de las elecciones del 2 de junio). Seg\u00fan el Instituto Nacional de Estad\u00edstica y Geograf\u00eda (INEGI), la inflaci\u00f3n general habr\u00eda alcanzado el +5,57 % interanual, continuando as\u00ed su tendencia alcista. El Banco Central de M\u00e9xico (Banxico) redujo por segunda vez la tasa de referencia en 25 puntos base en agosto de 2024, tras haber puesto fin a su ciclo de endurecimiento monetario en marzo pasado. Seg\u00fan el Instituto Nacional de Estad\u00edstica y Geograf\u00eda (INEGI), la tasa de desempleo se situar\u00eda en un 2,9 % en julio de 2024, lo que representa una disminuci\u00f3n de 0,2 puntos porcentuales en comparaci\u00f3n con julio de 2023.<\/p>\n\n\n\n<p><strong>Finanzas p\u00fablicas<\/strong><\/p>\n\n\n\n<p>El d\u00e9ficit presupuestario habr\u00eda registrado un aumento del 76 % durante el primer semestre de 2024, alcanzando los 37,5 mil millones de USD. V\u00edctor Rodr\u00edguez Padilla fue nombrado nuevo director general de la empresa nacional petrolera Petr\u00f3leos Mexicanos (Pemex).<\/p>\n\n\n\n<p><strong>Centroam\u00e9rica<\/strong><\/p>\n\n\n\n<p>Regional Xavier Niel estar\u00eda considerando adquirir Millicom.<\/p>\n\n\n\n<p><strong>Belice<\/strong><\/p>\n\n\n\n<p>Se habr\u00edan realizado reuniones entre los sectores privados de Belice y Guatemala para identificar nuevas oportunidades. S&amp;P Global Ratings mantuvo su calificaci\u00f3n soberana en \u00abB-\/B\u00bb para Belice.<\/p>\n\n\n\n<p><strong>Costa Rica<\/strong><\/p>\n\n\n\n<p>En el marco de la cooperaci\u00f3n para desarrollar la industria de semiconductores en Costa Rica, Estados Unidos ha comenzado los primeros programas de formaci\u00f3n. Seg\u00fan datos de la Promotora de Comercio Exterior de Costa Rica (Procomer), las exportaciones de bienes de Costa Rica habr\u00edan aumentado un 7 % entre enero y julio de 2024, alcanzando los 11,3 mil millones de USD.<\/p>\n\n\n\n<p><strong>El Salvador<\/strong><\/p>\n\n\n\n<p>El gobierno detall\u00f3 la fase 3 \u00abLog\u00edstica\u00bb de su plan econ\u00f3mico y anunci\u00f3 la mayor inversi\u00f3n privada en la historia del pa\u00eds. 3 millones de salvadore\u00f1os habr\u00edan sufrido de inseguridad alimentaria entre 2021 y 2023, es decir, el 47 % de la poblaci\u00f3n. Proporcionalmente a su PIB, El Salvador ser\u00eda el pa\u00eds m\u00e1s endeudado de Centroam\u00e9rica. El d\u00e9ficit habr\u00eda aumentado un 5,4 % interanual en el primer semestre de 2024.<\/p>\n\n\n\n<p><strong>Guatemala<\/strong><\/p>\n\n\n\n<p>Se habr\u00eda registrado un crecimiento del 3,3 % interanual en el primer trimestre de 2024. El acuerdo de libre comercio firmado entre Guatemala e Israel habr\u00eda entrado en vigor. El gobierno habr\u00eda anunciado que planea realizar una inversi\u00f3n de 2,5 mil millones de USD en el sector del caf\u00e9. El 56 % de la poblaci\u00f3n guatemalteca vivir\u00eda por debajo del umbral de pobreza.<\/p>\n\n\n\n<p><strong>Honduras<\/strong><\/p>\n\n\n\n<p>Se habr\u00eda registrado un crecimiento del 4,4 % interanual en el primer semestre de 2024. Las exportaciones se habr\u00edan contra\u00eddo un 5,3 % interanual en el primer semestre, con un valor total de 5.755 millones de USD. Honduras habr\u00eda firmado un memorando de entendimiento con la Rep\u00fablica Dominicana para favorecer su conectividad a\u00e9rea. Honduras y China habr\u00edan firmado un acuerdo para la construcci\u00f3n y equipamiento de escuelas. Se habr\u00eda firmado un acuerdo con China para acelerar la conclusi\u00f3n de un TLC, que entrar\u00eda en vigor el 1 de septiembre.<\/p>\n\n\n\n<p><strong>Nicaragua<\/strong><\/p>\n\n\n\n<p>Las exportaciones a China habr\u00edan aumentado un 80 % interanual en el primer semestre. Las inversiones extranjeras directas habr\u00edan disminuido un 5 % interanual en 2023. Las remesas habr\u00edan aumentado un 12 % interanual en el primer semestre de 2024. El d\u00e9ficit comercial habr\u00eda aumentado un 60 % interanual en el primer semestre de 2024.<\/p>\n\n\n\n<p><strong>Panam\u00e1<\/strong><\/p>\n\n\n\n<p>Durante la sesi\u00f3n plenaria de la Asamblea Nacional, se aprob\u00f3 el proyecto de ley sobre el presupuesto del Canal de Panam\u00e1 para el ejercicio 2024-2025 por un monto de 5,6 mil millones de USD. El ministro de Econom\u00eda y Finanzas, Felipe Chapman, indic\u00f3 que se mantiene la proyecci\u00f3n de un crecimiento del +2,5 % a pesar de un consenso sobre la aceleraci\u00f3n de la actividad econ\u00f3mica hacia finales de 2024. El Consejo de Ministros aprob\u00f3 dos decretos que autorizan al Ministerio de Econom\u00eda y Finanzas (MEF) a lanzar un programa de emisi\u00f3n en el mercado de capitales local y la posibilidad de contratar esquemas de financiamiento con instituciones financieras locales e internacionales. Tras la salida de Panam\u00e1 de la lista gris del Grupo de Acci\u00f3n Financiera (GAFI) en octubre de 2023, el pa\u00eds se ha comprometido a continuar sus esfuerzos en la regulaci\u00f3n de los mercados de criptomonedas y otros activos virtuales. Standard &amp; Poor&#8217;s (S&amp;P) mantiene a Panam\u00e1 en categor\u00eda de grado de inversi\u00f3n a pesar de la degradaci\u00f3n de la perspectiva a negativa debido, en parte, al aumento del d\u00e9ficit presupuestario. El secretario de Energ\u00eda, Juan Manuel Urriola, anunci\u00f3 que Panam\u00e1 se prepara para relanzar la producci\u00f3n de etanol con el fin de estimular la econom\u00eda y posicionarse como l\u00edder regional en biocombustibles.<\/p>\n\n\n\n<p><strong>Caribe<\/strong><\/p>\n\n\n\n<p><strong>Regional<\/strong><\/p>\n\n\n\n<p>Los 15.000 kil\u00f3metros cuadrados de arrecifes de coral en el Caribe generar\u00edan aproximadamente 3,4 mil millones de USD al a\u00f1o en beneficios econ\u00f3micos.<\/p>\n\n\n\n<p><strong>Trinidad y Tobago<\/strong><\/p>\n\n\n\n<p>BP Trinidad y Tobago (bpTT) lleg\u00f3 a un acuerdo con Perenco T&amp;T para ceder sus campos de gas offshore Immortelle, Flamboyant, Amherstia y Cashima, as\u00ed como las instalaciones de producci\u00f3n asociadas.<\/p>\n\n\n\n<p><strong>Cuba<\/strong><\/p>\n\n\n\n<p>El gobierno cubano public\u00f3 nuevas medidas regulatorias para perfeccionar y regular la actividad del sector privado.<\/p>\n\n\n\n<p><strong>Rep\u00fablica Dominicana<\/strong><\/p>\n\n\n\n<p>El Banco Central de la Rep\u00fablica Dominicana (BCRD) redujo su tasa de inter\u00e9s de referencia en 25 puntos base, pasando del 7 % al 6,75 % anual.<\/p>\n\n\n\n<p><strong>Hait\u00ed<\/strong><\/p>\n\n\n\n<p>El 12 de agosto de 2024, el Consejo de Ministros de Hait\u00ed aprob\u00f3 el Presupuesto Rectificativo 2023-2024, revisado a 255 mil millones de gourdes (1,7 mil millones de euros), lo que representa una reducci\u00f3n del 20,5 % con respecto a las previsiones iniciales.<\/p>\n\n\n\n<p>Fuente: Une plubication de la Direction g\u00e9n\u00e9ral du Tr\u00e9sor fran\u00e7ais du Service Economique de Mexico, en collaboration avec les services \u00e9conomiques de Guatemala, Panama, La Havane et Saint Domingue. <\/p>\n\n\n\n<p>Traduccion : <a href=\"https:\/\/nuevalibertad.org\/en\/\">NLG<\/a><\/p>","protected":false},"excerpt":{"rendered":"<p>Cifras para recordar En su nuevo informe trimestral, el Banco Central de M\u00e9xico (Banxico) ha revisado a la baja la tasa de crecimiento del PIB, que ahora se estima para 2024 en un 1,5 % interanual, frente al 2,4 % de su informe anterior. M\u00e9xico Coyuntura macroecon\u00f3mico La C\u00e1mara de Diputados que asumi\u00f3 funciones el &hellip;<\/p>\n<p class=\"read-more\"> <a class=\"\" href=\"https:\/\/nuevalibertad.org\/en\/breves-economias-mexico-america-central-y-caribes-semana-del-5-de-septiembre-2024\/\"> <span class=\"screen-reader-text\">Breves Econom\u00edas, M\u00e9xico, Am\u00e9rica Central y Caribes. Semana del 5 de septiembre 2024.<\/span> Read More &raquo;<\/a><\/p>","protected":false},"author":5,"featured_media":2316,"comment_status":"closed","ping_status":"closed","sticky":false,"template":"","format":"standard","meta":{"sfsi_plus_gutenberg_text_before_share":"","sfsi_plus_gutenberg_show_text_before_share":"","sfsi_plus_gutenberg_icon_type":"","sfsi_plus_gutenberg_icon_alignemt":"","sfsi_plus_gutenburg_max_per_row":"","site-sidebar-layout":"default","site-content-layout":"default","ast-global-header-display":"","ast-banner-title-visibility":"","ast-main-header-display":"","ast-hfb-above-header-display":"","ast-hfb-below-header-display":"","ast-hfb-mobile-header-display":"","site-post-title":"","ast-breadcrumbs-content":"","ast-featured-img":"","footer-sml-layout":"","theme-transparent-header-meta":"","adv-header-id-meta":"","stick-header-meta":"","header-above-stick-meta":"","header-main-stick-meta":"","header-below-stick-meta":"","_jetpack_memberships_contains_paid_content":false,"footnotes":""},"categories":[9],"tags":[44,57,45,56,42],"class_list":["post-2479","post","type-post","status-publish","format-standard","has-post-thumbnail","hentry","category-publicaciones-digitales","tag-actualidad","tag-economia","tag-internacional","tag-negocios","tag-politica"],"yoast_head":"<!-- This site is optimized with the Yoast SEO plugin v27.4 - https:\/\/yoast.com\/product\/yoast-seo-wordpress\/ -->\n<title>Breves Econom\u00edas, M\u00e9xico, Am\u00e9rica Central y Caribes. Semana del 5 de septiembre 2024. - Nueva Libertad y Gobierno<\/title>\n<meta name=\"robots\" content=\"index, follow, max-snippet:-1, max-image-preview:large, max-video-preview:-1\" \/>\n<link rel=\"canonical\" href=\"https:\/\/nuevalibertad.org\/en\/breves-economias-mexico-america-central-y-caribes-semana-del-5-de-septiembre-2024\/\" \/>\n<meta property=\"og:locale\" content=\"en_US\" \/>\n<meta property=\"og:type\" content=\"article\" \/>\n<meta property=\"og:title\" content=\"Breves Econom\u00edas, M\u00e9xico, Am\u00e9rica Central y Caribes. Semana del 5 de septiembre 2024. - Nueva Libertad y Gobierno\" \/>\n<meta property=\"og:description\" content=\"Cifras para recordar En su nuevo informe trimestral, el Banco Central de M\u00e9xico (Banxico) ha revisado a la baja la tasa de crecimiento del PIB, que ahora se estima para 2024 en un 1,5 % interanual, frente al 2,4 % de su informe anterior. M\u00e9xico Coyuntura macroecon\u00f3mico La C\u00e1mara de Diputados que asumi\u00f3 funciones el &hellip; Breves Econom\u00edas, M\u00e9xico, Am\u00e9rica Central y Caribes. Semana del 5 de septiembre 2024. Read More &raquo;\" \/>\n<meta property=\"og:url\" content=\"https:\/\/nuevalibertad.org\/en\/breves-economias-mexico-america-central-y-caribes-semana-del-5-de-septiembre-2024\/\" \/>\n<meta property=\"og:site_name\" content=\"Nueva Libertad y Gobierno\" \/>\n<meta property=\"article:published_time\" content=\"2024-09-10T07:41:14+00:00\" \/>\n<meta property=\"article:modified_time\" content=\"2024-09-10T07:41:25+00:00\" \/>\n<meta property=\"og:image\" content=\"https:\/\/nuevalibertad.org\/wp-content\/uploads\/2024\/01\/mexico-centroamerica-caribes.jpeg\" \/>\n\t<meta property=\"og:image:width\" content=\"1077\" \/>\n\t<meta property=\"og:image:height\" content=\"1029\" \/>\n\t<meta property=\"og:image:type\" content=\"image\/jpeg\" \/>\n<meta name=\"author\" content=\"Belen\" \/>\n<meta name=\"twitter:card\" content=\"summary_large_image\" \/>\n<meta name=\"twitter:label1\" content=\"Written by\" \/>\n\t<meta name=\"twitter:data1\" content=\"Belen\" \/>\n\t<meta name=\"twitter:label2\" content=\"Est. reading time\" \/>\n\t<meta name=\"twitter:data2\" content=\"6 minutes\" \/>\n<script type=\"application\/ld+json\" class=\"yoast-schema-graph\">{\"@context\":\"https:\\\/\\\/schema.org\",\"@graph\":[{\"@type\":\"Article\",\"@id\":\"https:\\\/\\\/nuevalibertad.org\\\/breves-economias-mexico-america-central-y-caribes-semana-del-5-de-septiembre-2024\\\/#article\",\"isPartOf\":{\"@id\":\"https:\\\/\\\/nuevalibertad.org\\\/breves-economias-mexico-america-central-y-caribes-semana-del-5-de-septiembre-2024\\\/\"},\"author\":{\"name\":\"Belen\",\"@id\":\"https:\\\/\\\/nuevalibertad.org\\\/#\\\/schema\\\/person\\\/58e0449416aa3b1f1a5506b8765c1de7\"},\"headline\":\"Breves Econom\u00edas, M\u00e9xico, Am\u00e9rica Central y Caribes. Semana del 5 de septiembre 2024.\",\"datePublished\":\"2024-09-10T07:41:14+00:00\",\"dateModified\":\"2024-09-10T07:41:25+00:00\",\"mainEntityOfPage\":{\"@id\":\"https:\\\/\\\/nuevalibertad.org\\\/breves-economias-mexico-america-central-y-caribes-semana-del-5-de-septiembre-2024\\\/\"},\"wordCount\":1070,\"publisher\":{\"@id\":\"https:\\\/\\\/nuevalibertad.org\\\/#organization\"},\"image\":{\"@id\":\"https:\\\/\\\/nuevalibertad.org\\\/breves-economias-mexico-america-central-y-caribes-semana-del-5-de-septiembre-2024\\\/#primaryimage\"},\"thumbnailUrl\":\"https:\\\/\\\/nuevalibertad.org\\\/wp-content\\\/uploads\\\/2024\\\/01\\\/mexico-centroamerica-caribes.jpeg\",\"keywords\":[\"Actualidad\",\"Economia\",\"Internacional\",\"negocios\",\"politica\"],\"articleSection\":[\"Publicaciones Digitales\"],\"inLanguage\":\"en-US\"},{\"@type\":\"WebPage\",\"@id\":\"https:\\\/\\\/nuevalibertad.org\\\/breves-economias-mexico-america-central-y-caribes-semana-del-5-de-septiembre-2024\\\/\",\"url\":\"https:\\\/\\\/nuevalibertad.org\\\/breves-economias-mexico-america-central-y-caribes-semana-del-5-de-septiembre-2024\\\/\",\"name\":\"Breves Econom\u00edas, M\u00e9xico, Am\u00e9rica Central y Caribes. Semana del 5 de septiembre 2024. - Nueva Libertad y Gobierno\",\"isPartOf\":{\"@id\":\"https:\\\/\\\/nuevalibertad.org\\\/#website\"},\"primaryImageOfPage\":{\"@id\":\"https:\\\/\\\/nuevalibertad.org\\\/breves-economias-mexico-america-central-y-caribes-semana-del-5-de-septiembre-2024\\\/#primaryimage\"},\"image\":{\"@id\":\"https:\\\/\\\/nuevalibertad.org\\\/breves-economias-mexico-america-central-y-caribes-semana-del-5-de-septiembre-2024\\\/#primaryimage\"},\"thumbnailUrl\":\"https:\\\/\\\/nuevalibertad.org\\\/wp-content\\\/uploads\\\/2024\\\/01\\\/mexico-centroamerica-caribes.jpeg\",\"datePublished\":\"2024-09-10T07:41:14+00:00\",\"dateModified\":\"2024-09-10T07:41:25+00:00\",\"breadcrumb\":{\"@id\":\"https:\\\/\\\/nuevalibertad.org\\\/breves-economias-mexico-america-central-y-caribes-semana-del-5-de-septiembre-2024\\\/#breadcrumb\"},\"inLanguage\":\"en-US\",\"potentialAction\":[{\"@type\":\"ReadAction\",\"target\":[\"https:\\\/\\\/nuevalibertad.org\\\/breves-economias-mexico-america-central-y-caribes-semana-del-5-de-septiembre-2024\\\/\"]}]},{\"@type\":\"ImageObject\",\"inLanguage\":\"en-US\",\"@id\":\"https:\\\/\\\/nuevalibertad.org\\\/breves-economias-mexico-america-central-y-caribes-semana-del-5-de-septiembre-2024\\\/#primaryimage\",\"url\":\"https:\\\/\\\/nuevalibertad.org\\\/wp-content\\\/uploads\\\/2024\\\/01\\\/mexico-centroamerica-caribes.jpeg\",\"contentUrl\":\"https:\\\/\\\/nuevalibertad.org\\\/wp-content\\\/uploads\\\/2024\\\/01\\\/mexico-centroamerica-caribes.jpeg\",\"width\":1077,\"height\":1029,\"caption\":\"Globo del Mundo mostrando M\u00e9xico, Am\u00e9rica Central y Caribes\"},{\"@type\":\"BreadcrumbList\",\"@id\":\"https:\\\/\\\/nuevalibertad.org\\\/breves-economias-mexico-america-central-y-caribes-semana-del-5-de-septiembre-2024\\\/#breadcrumb\",\"itemListElement\":[{\"@type\":\"ListItem\",\"position\":1,\"name\":\"Portada\",\"item\":\"https:\\\/\\\/nuevalibertad.org\\\/\"},{\"@type\":\"ListItem\",\"position\":2,\"name\":\"Breves Econom\u00edas, M\u00e9xico, Am\u00e9rica Central y Caribes. Semana del 5 de septiembre 2024.\"}]},{\"@type\":\"WebSite\",\"@id\":\"https:\\\/\\\/nuevalibertad.org\\\/#website\",\"url\":\"https:\\\/\\\/nuevalibertad.org\\\/\",\"name\":\"Nueva Libertad y Gobierno\",\"description\":\"Enfocados en la direcci\u00f3n correcta\",\"publisher\":{\"@id\":\"https:\\\/\\\/nuevalibertad.org\\\/#organization\"},\"potentialAction\":[{\"@type\":\"SearchAction\",\"target\":{\"@type\":\"EntryPoint\",\"urlTemplate\":\"https:\\\/\\\/nuevalibertad.org\\\/?s={search_term_string}\"},\"query-input\":{\"@type\":\"PropertyValueSpecification\",\"valueRequired\":true,\"valueName\":\"search_term_string\"}}],\"inLanguage\":\"en-US\"},{\"@type\":\"Organization\",\"@id\":\"https:\\\/\\\/nuevalibertad.org\\\/#organization\",\"name\":\"Nueva Libertad y Gobierno\",\"url\":\"https:\\\/\\\/nuevalibertad.org\\\/\",\"logo\":{\"@type\":\"ImageObject\",\"inLanguage\":\"en-US\",\"@id\":\"https:\\\/\\\/nuevalibertad.org\\\/#\\\/schema\\\/logo\\\/image\\\/\",\"url\":\"https:\\\/\\\/nuevalibertad.org\\\/wp-content\\\/uploads\\\/2023\\\/07\\\/cropped-nlg-1.png\",\"contentUrl\":\"https:\\\/\\\/nuevalibertad.org\\\/wp-content\\\/uploads\\\/2023\\\/07\\\/cropped-nlg-1.png\",\"width\":321,\"height\":189,\"caption\":\"Nueva Libertad y Gobierno\"},\"image\":{\"@id\":\"https:\\\/\\\/nuevalibertad.org\\\/#\\\/schema\\\/logo\\\/image\\\/\"}},{\"@type\":\"Person\",\"@id\":\"https:\\\/\\\/nuevalibertad.org\\\/#\\\/schema\\\/person\\\/58e0449416aa3b1f1a5506b8765c1de7\",\"name\":\"Belen\",\"image\":{\"@type\":\"ImageObject\",\"inLanguage\":\"en-US\",\"@id\":\"https:\\\/\\\/secure.gravatar.com\\\/avatar\\\/533e31f8aa710261aff9f2411528b184cd8917224cc52f3a33f72d48a23315d6?s=96&d=mm&r=g\",\"url\":\"https:\\\/\\\/secure.gravatar.com\\\/avatar\\\/533e31f8aa710261aff9f2411528b184cd8917224cc52f3a33f72d48a23315d6?s=96&d=mm&r=g\",\"contentUrl\":\"https:\\\/\\\/secure.gravatar.com\\\/avatar\\\/533e31f8aa710261aff9f2411528b184cd8917224cc52f3a33f72d48a23315d6?s=96&d=mm&r=g\",\"caption\":\"Belen\"},\"url\":\"https:\\\/\\\/nuevalibertad.org\\\/en\\\/author\\\/belenleon70\\\/\"}]}<\/script>\n<!-- \/ Yoast SEO plugin. -->","yoast_head_json":{"title":"Breves Econom\u00edas, M\u00e9xico, Am\u00e9rica Central y Caribes. Semana del 5 de septiembre 2024. - Nueva Libertad y Gobierno","robots":{"index":"index","follow":"follow","max-snippet":"max-snippet:-1","max-image-preview":"max-image-preview:large","max-video-preview":"max-video-preview:-1"},"canonical":"https:\/\/nuevalibertad.org\/en\/breves-economias-mexico-america-central-y-caribes-semana-del-5-de-septiembre-2024\/","og_locale":"en_US","og_type":"article","og_title":"Breves Econom\u00edas, M\u00e9xico, Am\u00e9rica Central y Caribes. Semana del 5 de septiembre 2024. - Nueva Libertad y Gobierno","og_description":"Cifras para recordar En su nuevo informe trimestral, el Banco Central de M\u00e9xico (Banxico) ha revisado a la baja la tasa de crecimiento del PIB, que ahora se estima para 2024 en un 1,5 % interanual, frente al 2,4 % de su informe anterior. M\u00e9xico Coyuntura macroecon\u00f3mico La C\u00e1mara de Diputados que asumi\u00f3 funciones el &hellip; Breves Econom\u00edas, M\u00e9xico, Am\u00e9rica Central y Caribes. Semana del 5 de septiembre 2024. Read More &raquo;","og_url":"https:\/\/nuevalibertad.org\/en\/breves-economias-mexico-america-central-y-caribes-semana-del-5-de-septiembre-2024\/","og_site_name":"Nueva Libertad y Gobierno","article_published_time":"2024-09-10T07:41:14+00:00","article_modified_time":"2024-09-10T07:41:25+00:00","og_image":[{"width":1077,"height":1029,"url":"https:\/\/nuevalibertad.org\/wp-content\/uploads\/2024\/01\/mexico-centroamerica-caribes.jpeg","type":"image\/jpeg"}],"author":"Belen","twitter_card":"summary_large_image","twitter_misc":{"Written by":"Belen","Est. reading time":"6 minutes"},"schema":{"@context":"https:\/\/schema.org","@graph":[{"@type":"Article","@id":"https:\/\/nuevalibertad.org\/breves-economias-mexico-america-central-y-caribes-semana-del-5-de-septiembre-2024\/#article","isPartOf":{"@id":"https:\/\/nuevalibertad.org\/breves-economias-mexico-america-central-y-caribes-semana-del-5-de-septiembre-2024\/"},"author":{"name":"Belen","@id":"https:\/\/nuevalibertad.org\/#\/schema\/person\/58e0449416aa3b1f1a5506b8765c1de7"},"headline":"Breves Econom\u00edas, M\u00e9xico, Am\u00e9rica Central y Caribes. Semana del 5 de septiembre 2024.","datePublished":"2024-09-10T07:41:14+00:00","dateModified":"2024-09-10T07:41:25+00:00","mainEntityOfPage":{"@id":"https:\/\/nuevalibertad.org\/breves-economias-mexico-america-central-y-caribes-semana-del-5-de-septiembre-2024\/"},"wordCount":1070,"publisher":{"@id":"https:\/\/nuevalibertad.org\/#organization"},"image":{"@id":"https:\/\/nuevalibertad.org\/breves-economias-mexico-america-central-y-caribes-semana-del-5-de-septiembre-2024\/#primaryimage"},"thumbnailUrl":"https:\/\/nuevalibertad.org\/wp-content\/uploads\/2024\/01\/mexico-centroamerica-caribes.jpeg","keywords":["Actualidad","Economia","Internacional","negocios","politica"],"articleSection":["Publicaciones Digitales"],"inLanguage":"en-US"},{"@type":"WebPage","@id":"https:\/\/nuevalibertad.org\/breves-economias-mexico-america-central-y-caribes-semana-del-5-de-septiembre-2024\/","url":"https:\/\/nuevalibertad.org\/breves-economias-mexico-america-central-y-caribes-semana-del-5-de-septiembre-2024\/","name":"Breves Econom\u00edas, M\u00e9xico, Am\u00e9rica Central y Caribes. Semana del 5 de septiembre 2024. - Nueva Libertad y Gobierno","isPartOf":{"@id":"https:\/\/nuevalibertad.org\/#website"},"primaryImageOfPage":{"@id":"https:\/\/nuevalibertad.org\/breves-economias-mexico-america-central-y-caribes-semana-del-5-de-septiembre-2024\/#primaryimage"},"image":{"@id":"https:\/\/nuevalibertad.org\/breves-economias-mexico-america-central-y-caribes-semana-del-5-de-septiembre-2024\/#primaryimage"},"thumbnailUrl":"https:\/\/nuevalibertad.org\/wp-content\/uploads\/2024\/01\/mexico-centroamerica-caribes.jpeg","datePublished":"2024-09-10T07:41:14+00:00","dateModified":"2024-09-10T07:41:25+00:00","breadcrumb":{"@id":"https:\/\/nuevalibertad.org\/breves-economias-mexico-america-central-y-caribes-semana-del-5-de-septiembre-2024\/#breadcrumb"},"inLanguage":"en-US","potentialAction":[{"@type":"ReadAction","target":["https:\/\/nuevalibertad.org\/breves-economias-mexico-america-central-y-caribes-semana-del-5-de-septiembre-2024\/"]}]},{"@type":"ImageObject","inLanguage":"en-US","@id":"https:\/\/nuevalibertad.org\/breves-economias-mexico-america-central-y-caribes-semana-del-5-de-septiembre-2024\/#primaryimage","url":"https:\/\/nuevalibertad.org\/wp-content\/uploads\/2024\/01\/mexico-centroamerica-caribes.jpeg","contentUrl":"https:\/\/nuevalibertad.org\/wp-content\/uploads\/2024\/01\/mexico-centroamerica-caribes.jpeg","width":1077,"height":1029,"caption":"Globo del Mundo mostrando M\u00e9xico, Am\u00e9rica Central y Caribes"},{"@type":"BreadcrumbList","@id":"https:\/\/nuevalibertad.org\/breves-economias-mexico-america-central-y-caribes-semana-del-5-de-septiembre-2024\/#breadcrumb","itemListElement":[{"@type":"ListItem","position":1,"name":"Portada","item":"https:\/\/nuevalibertad.org\/"},{"@type":"ListItem","position":2,"name":"Breves Econom\u00edas, M\u00e9xico, Am\u00e9rica Central y Caribes. Semana del 5 de septiembre 2024."}]},{"@type":"WebSite","@id":"https:\/\/nuevalibertad.org\/#website","url":"https:\/\/nuevalibertad.org\/","name":"Nueva Libertad y Gobierno","description":"Enfocados en la direcci\u00f3n correcta","publisher":{"@id":"https:\/\/nuevalibertad.org\/#organization"},"potentialAction":[{"@type":"SearchAction","target":{"@type":"EntryPoint","urlTemplate":"https:\/\/nuevalibertad.org\/?s={search_term_string}"},"query-input":{"@type":"PropertyValueSpecification","valueRequired":true,"valueName":"search_term_string"}}],"inLanguage":"en-US"},{"@type":"Organization","@id":"https:\/\/nuevalibertad.org\/#organization","name":"Nueva Libertad y Gobierno","url":"https:\/\/nuevalibertad.org\/","logo":{"@type":"ImageObject","inLanguage":"en-US","@id":"https:\/\/nuevalibertad.org\/#\/schema\/logo\/image\/","url":"https:\/\/nuevalibertad.org\/wp-content\/uploads\/2023\/07\/cropped-nlg-1.png","contentUrl":"https:\/\/nuevalibertad.org\/wp-content\/uploads\/2023\/07\/cropped-nlg-1.png","width":321,"height":189,"caption":"Nueva Libertad y Gobierno"},"image":{"@id":"https:\/\/nuevalibertad.org\/#\/schema\/logo\/image\/"}},{"@type":"Person","@id":"https:\/\/nuevalibertad.org\/#\/schema\/person\/58e0449416aa3b1f1a5506b8765c1de7","name":"Belen","image":{"@type":"ImageObject","inLanguage":"en-US","@id":"https:\/\/secure.gravatar.com\/avatar\/533e31f8aa710261aff9f2411528b184cd8917224cc52f3a33f72d48a23315d6?s=96&d=mm&r=g","url":"https:\/\/secure.gravatar.com\/avatar\/533e31f8aa710261aff9f2411528b184cd8917224cc52f3a33f72d48a23315d6?s=96&d=mm&r=g","contentUrl":"https:\/\/secure.gravatar.com\/avatar\/533e31f8aa710261aff9f2411528b184cd8917224cc52f3a33f72d48a23315d6?s=96&d=mm&r=g","caption":"Belen"},"url":"https:\/\/nuevalibertad.org\/en\/author\/belenleon70\/"}]}},"jetpack_featured_media_url":"https:\/\/nuevalibertad.org\/wp-content\/uploads\/2024\/01\/mexico-centroamerica-caribes.jpeg","jetpack_sharing_enabled":true,"_links":{"self":[{"href":"https:\/\/nuevalibertad.org\/en\/wp-json\/wp\/v2\/posts\/2479","targetHints":{"allow":["GET"]}}],"collection":[{"href":"https:\/\/nuevalibertad.org\/en\/wp-json\/wp\/v2\/posts"}],"about":[{"href":"https:\/\/nuevalibertad.org\/en\/wp-json\/wp\/v2\/types\/post"}],"author":[{"embeddable":true,"href":"https:\/\/nuevalibertad.org\/en\/wp-json\/wp\/v2\/users\/5"}],"replies":[{"embeddable":true,"href":"https:\/\/nuevalibertad.org\/en\/wp-json\/wp\/v2\/comments?post=2479"}],"version-history":[{"count":1,"href":"https:\/\/nuevalibertad.org\/en\/wp-json\/wp\/v2\/posts\/2479\/revisions"}],"predecessor-version":[{"id":2480,"href":"https:\/\/nuevalibertad.org\/en\/wp-json\/wp\/v2\/posts\/2479\/revisions\/2480"}],"wp:featuredmedia":[{"embeddable":true,"href":"https:\/\/nuevalibertad.org\/en\/wp-json\/wp\/v2\/media\/2316"}],"wp:attachment":[{"href":"https:\/\/nuevalibertad.org\/en\/wp-json\/wp\/v2\/media?parent=2479"}],"wp:term":[{"taxonomy":"category","embeddable":true,"href":"https:\/\/nuevalibertad.org\/en\/wp-json\/wp\/v2\/categories?post=2479"},{"taxonomy":"post_tag","embeddable":true,"href":"https:\/\/nuevalibertad.org\/en\/wp-json\/wp\/v2\/tags?post=2479"}],"curies":[{"name":"wp","href":"https:\/\/api.w.org\/{rel}","templated":true}]}}