{"id":2642,"date":"2026-01-13T10:47:03","date_gmt":"2026-01-13T10:47:03","guid":{"rendered":"https:\/\/nuevalibertad.org\/?p=2642"},"modified":"2026-01-13T11:09:02","modified_gmt":"2026-01-13T11:09:02","slug":"por-que-francia-paso-del-apoyo-al-rechazo-del-acuerdo-ue-mercosur","status":"publish","type":"post","link":"https:\/\/nuevalibertad.org\/en\/por-que-francia-paso-del-apoyo-al-rechazo-del-acuerdo-ue-mercosur\/","title":{"rendered":"\u00bfPor qu\u00e9 Francia pas\u00f3 del apoyo al rechazo del acuerdo UE-Mercosur?"},"content":{"rendered":"<h2 class=\"wp-block-heading has-medium-font-size\">De la apertura comercial a la oposici\u00f3n pol\u00edtica. Razones econ\u00f3micas, agr\u00edcolas y sociales son las que est\u00e1n detr\u00e1s de la negativa francesa a firmar el tratado<\/h2>\n\n\n\n<p>Durante m\u00e1s de veinte a\u00f1os, el acuerdo de libre comercio entre la Uni\u00f3n Europea y el Mercosur ha sido presentado como uno de los proyectos m\u00e1s ambiciosos del comercio internacional contempor\u00e1neo. Un tratado destinado a unir dos grandes bloques econ\u00f3micos \u2014Europa y Sudam\u00e9rica\u2014 bajo la promesa de crecimiento, apertura de mercados y fortalecimiento geopol\u00edtico. Sin embargo, a comienzos de 2026, ese proyecto vuelve a encallar con el cambio de decisi\u00f3n de Francia.<\/p>\n\n\n\n<p>El presidente Emmanuel Macron, que en un inicio se mostr\u00f3 abierto a la firma del acuerdo bajo determinadas condiciones, ha terminado por anunciar que Francia no lo ratificar\u00e1 en su forma actual. La raz\u00f3n es una acumulaci\u00f3n de factores econ\u00f3micos, sociales y pol\u00edticos que reflejan una tensi\u00f3n profunda dentro de la propia Uni\u00f3n Europea.<\/p>\n\n\n\n<h2 class=\"wp-block-heading has-medium-font-size\">Un acuerdo hist\u00f3rico\u2026 pero inacabado<\/h2>\n\n\n\n<p>El acuerdo UE-Mercosur, negociado desde finales de los a\u00f1os noventa y anunciado pol\u00edticamente en 2019, pretende crear una de las mayores zonas de libre comercio del mundo, abarcando a cerca de 780 millones de personas. Incluye a Argentina, Brasil, Paraguay y Uruguay por parte sudamericana, y a los 27 Estados miembros de la UE.<\/p>\n\n\n\n<p>Su objetivo principal es reducir aranceles, facilitar el comercio de bienes industriales y agr\u00edcolas, abrir mercados p\u00fablicos y reforzar la cooperaci\u00f3n econ\u00f3mica. No obstante, pese al anuncio pol\u00edtico de 2019, el acuerdo nunca ha sido plenamente ratificado, ya que requiere la aprobaci\u00f3n de todos los Parlamentos nacionales europeos.<\/p>\n\n\n\n<h2 class=\"wp-block-heading has-medium-font-size\">Macron pasa de la defensa al acuerdo, a un apoyo pero condicionado<\/h2>\n\n\n\n<p>En los primeros a\u00f1os tras el acuerdo pol\u00edtico, Emmanuel Macron defendi\u00f3 p\u00fablicamente la necesidad de mantener relaciones econ\u00f3micas s\u00f3lidas con Am\u00e9rica Latina. Francia no rechazaba el Mercosur como concepto, pero exig\u00eda garant\u00edas claras en materia ambiental, sanitaria y de competencia leal.<\/p>\n\n\n\n<p>El discurso oficial era el de apoyarse en tres condiciones principales: respeto de los est\u00e1ndares ambientales europeos, cumplimiento de normas sanitarias equivalentes y protecci\u00f3n de sectores agr\u00edcolas sensibles. Durante un tiempo, el Ejecutivo franc\u00e9s confi\u00f3 en que estas exigencias podr\u00edan integrarse en el texto final o mediante protocolos adicionales.<\/p>\n\n\n\n<h2 class=\"wp-block-heading has-medium-font-size\">El punto de inflexi\u00f3n llega con las protestas masivas del influyente sector agr\u00edcola franc\u00e9s<\/h2>\n\n\n\n<p>El verdadero punto de ruptura lleg\u00f3 con la presi\u00f3n del sector agr\u00edcola franc\u00e9s, uno de los m\u00e1s organizados y pol\u00edticamente influyentes del pa\u00eds. Agricultores, sindicatos y cooperativas comenzaron a denunciar que el acuerdo abrir\u00eda el mercado europeo a productos agr\u00edcolas sudamericanos producidos bajo est\u00e1ndares m\u00e1s laxos en materia ambiental, fitosanitaria y laboral.<\/p>\n\n\n\n<figure class=\"wp-block-image aligncenter size-large is-resized\"><img fetchpriority=\"high\" decoding=\"async\" width=\"1024\" height=\"683\" src=\"https:\/\/nuevalibertad.org\/wp-content\/uploads\/2026\/01\/pexels-ieva-brinkmane-1052950035-20432167-1024x683.jpg\" alt=\"Foto Banco Imagenes autoria: Ieva Brinkmane\" class=\"wp-image-2643\" style=\"aspect-ratio:1.499286258089075;width:560px;height:auto\" srcset=\"https:\/\/nuevalibertad.org\/wp-content\/uploads\/2026\/01\/pexels-ieva-brinkmane-1052950035-20432167-1024x683.jpg 1024w, https:\/\/nuevalibertad.org\/wp-content\/uploads\/2026\/01\/pexels-ieva-brinkmane-1052950035-20432167-800x533.jpg 800w, https:\/\/nuevalibertad.org\/wp-content\/uploads\/2026\/01\/pexels-ieva-brinkmane-1052950035-20432167-768x512.jpg 768w, https:\/\/nuevalibertad.org\/wp-content\/uploads\/2026\/01\/pexels-ieva-brinkmane-1052950035-20432167-1536x1024.jpg 1536w, https:\/\/nuevalibertad.org\/wp-content\/uploads\/2026\/01\/pexels-ieva-brinkmane-1052950035-20432167-2048x1365.jpg 2048w, https:\/\/nuevalibertad.org\/wp-content\/uploads\/2026\/01\/pexels-ieva-brinkmane-1052950035-20432167-18x12.jpg 18w\" sizes=\"(max-width: 1024px) 100vw, 1024px\" \/><figcaption class=\"wp-element-caption\">Autor\u00eda Ieva Brinkmane<\/figcaption><\/figure>\n\n\n\n<p>La preocupaci\u00f3n no era solo econ\u00f3mica, sino estructural: competencia considerada desleal, riesgo de ca\u00edda de precios, debilitamiento del tejido rural y p\u00e9rdida de soberan\u00eda alimentaria. A finales de 2025 y comienzos de 2026, estas tensiones se tradujeron en protestas masivas que trasladaron el debate del \u00e1mbito t\u00e9cnico al terreno pol\u00edtico.<\/p>\n\n\n\n<p>En enero de 2026, Emmanuel Macron confirm\u00f3 lo que ya se intu\u00eda: Francia votar\u00eda en contra de la ratificaci\u00f3n del acuerdo UE-Mercosur en su forma actual. <\/p>\n\n\n\n<p>Seg\u00fan el Ejecutivo franc\u00e9s, el impacto positivo del acuerdo sobre el PIB ser\u00eda limitado, mientras que los riesgos para la agricultura y el empleo rural resultaban elevados. A ello se sumaba la falta de garant\u00edas efectivas sobre la aplicaci\u00f3n de cl\u00e1usulas de salvaguardia y el cumplimiento de est\u00e1ndares equivalentes por parte de los pa\u00edses del Mercosur.<\/p>\n\n\n\n<h2 class=\"wp-block-heading has-medium-font-size\">El rechazo abarca toda la pol\u00edtica francesa<\/h2>\n\n\n\n<p>La oposici\u00f3n al acuerdo no se limita al Ejecutivo. La Asamblea Nacional francesa aprob\u00f3 resoluciones instando al gobierno a oponerse al tratado. El rechazo atraviesa el espectro pol\u00edtico, desde la izquierda hasta la derecha, aunque con argumentos distintos.<\/p>\n\n\n\n<p>Desde sectores progresistas se subraya el impacto ambiental y social del acuerdo; desde posiciones m\u00e1s conservadoras o soberanistas se insiste en la p\u00e9rdida de control sobre la pol\u00edtica agr\u00edcola y comercial. Este consenso negativo convierte la ratificaci\u00f3n en pol\u00edticamente inviable.<\/p>\n\n\n\n<h2 class=\"wp-block-heading has-medium-font-size\">Francia se enfrenta a Europa<\/h2>\n\n\n\n<p>Mientras varios Estados miembros de la UE respaldan el acuerdo, Francia ha intentado articular una minor\u00eda de bloqueo dentro del Consejo Europeo. Aunque no todos los pa\u00edses comparten su rechazo frontal, s\u00ed existe un debate creciente sobre la necesidad de revisar el texto y reforzar las garant\u00edas.<\/p>\n\n\n\n<p>Esta situaci\u00f3n pone de manifiesto una fractura interna en la Uni\u00f3n Europea entre una visi\u00f3n tecnocr\u00e1tica del libre comercio y las realidades sociales y territoriales de los Estados miembros.<\/p>\n\n\n\n<h2 class=\"wp-block-heading has-medium-font-size\">Reacciones internacionales y tensiones diplom\u00e1ticas<\/h2>\n\n\n\n<p>Desde Am\u00e9rica Latina, la postura francesa ha sido recibida con frustraci\u00f3n. Algunos l\u00edderes sudamericanos han acusado a Francia de proteccionismo encubierto y de frenar un acuerdo considerado estrat\u00e9gico para la regi\u00f3n.<\/p>\n\n\n\n<p>Desde Bruselas, la Comisi\u00f3n Europea insiste en que el tratado es clave para reforzar la posici\u00f3n global de la UE en un contexto de competencia internacional. No obstante, incluso dentro de las instituciones europeas se reconoce que la ratificaci\u00f3n sin el respaldo franc\u00e9s resulta pol\u00edticamente compleja.<\/p>\n\n\n\n<h2 class=\"wp-block-heading has-medium-font-size\">\u00bfQu\u00e9 est\u00e1 en juego?<\/h2>\n\n\n\n<p>M\u00e1s all\u00e1 del acuerdo UE-Mercosur, el caso franc\u00e9s plantea una cuesti\u00f3n de fondo: hasta qu\u00e9 punto el libre comercio puede avanzar si entra en conflicto con la cohesi\u00f3n social, la agricultura y la soberan\u00eda econ\u00f3mica.<\/p>\n\n\n\n<p>El giro de Macron refleja una tendencia m\u00e1s amplia en Europa, donde los grandes acuerdos comerciales ya no se eval\u00faan \u00fanicamente por sus beneficios macroecon\u00f3micos, sino por su impacto real sobre los territorios y los sectores m\u00e1s expuestos.<\/p>\n\n\n\n<p>El acuerdo UE-Mercosur sigue siendo un proyecto abierto, pero profundamente cuestionado. Francia no ha cerrado definitivamente la puerta, aunque ha dejado claro que no firmar\u00e1 el tratado tal como est\u00e1 planteado en la actualidad.<\/p>\n\n\n\n<p>La posici\u00f3n francesa funciona como una advertencia: el comercio internacional de este siglo, dif\u00edcilmente puede construirse de espaldas a quienes viven directamente sus consecuencias.<\/p>\n\n\n\n<p><strong>Bel\u00e9n de Le\u00f3n<\/strong><\/p>\n\n\n\n<p>Directora de NLG en Francia<br>Analista y observadora entre Europa y Am\u00e9rica Latina<\/p>","protected":false},"excerpt":{"rendered":"<p>De la apertura comercial a la oposici\u00f3n pol\u00edtica. Razones econ\u00f3micas, agr\u00edcolas y sociales son las que est\u00e1n detr\u00e1s de la negativa francesa a firmar el tratado Durante m\u00e1s de veinte a\u00f1os, el acuerdo de libre comercio entre la Uni\u00f3n Europea y el Mercosur ha sido presentado como uno de los proyectos m\u00e1s ambiciosos del comercio &hellip;<\/p>\n<p class=\"read-more\"> <a class=\"\" href=\"https:\/\/nuevalibertad.org\/en\/por-que-francia-paso-del-apoyo-al-rechazo-del-acuerdo-ue-mercosur\/\"> <span class=\"screen-reader-text\">\u00bfPor qu\u00e9 Francia pas\u00f3 del apoyo al rechazo del acuerdo UE-Mercosur?<\/span> Read More &raquo;<\/a><\/p>","protected":false},"author":5,"featured_media":2643,"comment_status":"closed","ping_status":"closed","sticky":false,"template":"","format":"standard","meta":{"sfsi_plus_gutenberg_text_before_share":"","sfsi_plus_gutenberg_show_text_before_share":"","sfsi_plus_gutenberg_icon_type":"","sfsi_plus_gutenberg_icon_alignemt":"","sfsi_plus_gutenburg_max_per_row":"","site-sidebar-layout":"default","site-content-layout":"default","ast-global-header-display":"","ast-banner-title-visibility":"","ast-main-header-display":"","ast-hfb-above-header-display":"","ast-hfb-below-header-display":"","ast-hfb-mobile-header-display":"","site-post-title":"","ast-breadcrumbs-content":"","ast-featured-img":"","footer-sml-layout":"","theme-transparent-header-meta":"","adv-header-id-meta":"","stick-header-meta":"","header-above-stick-meta":"","header-main-stick-meta":"","header-below-stick-meta":"","_jetpack_memberships_contains_paid_content":false,"footnotes":""},"categories":[8],"tags":[106,45],"class_list":["post-2642","post","type-post","status-publish","format-standard","has-post-thumbnail","hentry","category-articulos","tag-acuerdo-ue-mercosur","tag-internacional"],"yoast_head":"<!-- This site is optimized with the Yoast SEO plugin v27.4 - https:\/\/yoast.com\/product\/yoast-seo-wordpress\/ -->\n<title>\u00bfPor qu\u00e9 Francia pas\u00f3 del apoyo al rechazo del acuerdo UE-Mercosur? - Nueva Libertad y Gobierno<\/title>\n<meta name=\"robots\" content=\"index, follow, max-snippet:-1, max-image-preview:large, max-video-preview:-1\" \/>\n<link rel=\"canonical\" href=\"https:\/\/nuevalibertad.org\/en\/por-que-francia-paso-del-apoyo-al-rechazo-del-acuerdo-ue-mercosur\/\" \/>\n<meta property=\"og:locale\" content=\"en_US\" \/>\n<meta property=\"og:type\" content=\"article\" \/>\n<meta property=\"og:title\" content=\"\u00bfPor qu\u00e9 Francia pas\u00f3 del apoyo al rechazo del acuerdo UE-Mercosur? - Nueva Libertad y Gobierno\" \/>\n<meta property=\"og:description\" content=\"De la apertura comercial a la oposici\u00f3n pol\u00edtica. Razones econ\u00f3micas, agr\u00edcolas y sociales son las que est\u00e1n detr\u00e1s de la negativa francesa a firmar el tratado Durante m\u00e1s de veinte a\u00f1os, el acuerdo de libre comercio entre la Uni\u00f3n Europea y el Mercosur ha sido presentado como uno de los proyectos m\u00e1s ambiciosos del comercio &hellip; \u00bfPor qu\u00e9 Francia pas\u00f3 del apoyo al rechazo del acuerdo UE-Mercosur? Read More &raquo;\" \/>\n<meta property=\"og:url\" content=\"https:\/\/nuevalibertad.org\/en\/por-que-francia-paso-del-apoyo-al-rechazo-del-acuerdo-ue-mercosur\/\" \/>\n<meta property=\"og:site_name\" content=\"Nueva Libertad y Gobierno\" \/>\n<meta property=\"article:published_time\" content=\"2026-01-13T10:47:03+00:00\" \/>\n<meta property=\"article:modified_time\" content=\"2026-01-13T11:09:02+00:00\" \/>\n<meta property=\"og:image\" content=\"https:\/\/nuevalibertad.org\/wp-content\/uploads\/2026\/01\/pexels-ieva-brinkmane-1052950035-20432167-scaled.jpg\" \/>\n\t<meta property=\"og:image:width\" content=\"2560\" \/>\n\t<meta property=\"og:image:height\" content=\"1707\" \/>\n\t<meta property=\"og:image:type\" content=\"image\/jpeg\" \/>\n<meta name=\"author\" content=\"Belen\" \/>\n<meta name=\"twitter:card\" content=\"summary_large_image\" \/>\n<meta name=\"twitter:label1\" content=\"Written by\" \/>\n\t<meta name=\"twitter:data1\" content=\"Belen\" \/>\n\t<meta name=\"twitter:label2\" content=\"Est. reading time\" \/>\n\t<meta name=\"twitter:data2\" content=\"5 minutes\" \/>\n<script type=\"application\/ld+json\" class=\"yoast-schema-graph\">{\"@context\":\"https:\\\/\\\/schema.org\",\"@graph\":[{\"@type\":\"Article\",\"@id\":\"https:\\\/\\\/nuevalibertad.org\\\/por-que-francia-paso-del-apoyo-al-rechazo-del-acuerdo-ue-mercosur\\\/#article\",\"isPartOf\":{\"@id\":\"https:\\\/\\\/nuevalibertad.org\\\/por-que-francia-paso-del-apoyo-al-rechazo-del-acuerdo-ue-mercosur\\\/\"},\"author\":{\"name\":\"Belen\",\"@id\":\"https:\\\/\\\/nuevalibertad.org\\\/#\\\/schema\\\/person\\\/58e0449416aa3b1f1a5506b8765c1de7\"},\"headline\":\"\u00bfPor qu\u00e9 Francia pas\u00f3 del apoyo al rechazo del acuerdo UE-Mercosur?\",\"datePublished\":\"2026-01-13T10:47:03+00:00\",\"dateModified\":\"2026-01-13T11:09:02+00:00\",\"mainEntityOfPage\":{\"@id\":\"https:\\\/\\\/nuevalibertad.org\\\/por-que-francia-paso-del-apoyo-al-rechazo-del-acuerdo-ue-mercosur\\\/\"},\"wordCount\":1080,\"publisher\":{\"@id\":\"https:\\\/\\\/nuevalibertad.org\\\/#organization\"},\"image\":{\"@id\":\"https:\\\/\\\/nuevalibertad.org\\\/por-que-francia-paso-del-apoyo-al-rechazo-del-acuerdo-ue-mercosur\\\/#primaryimage\"},\"thumbnailUrl\":\"https:\\\/\\\/nuevalibertad.org\\\/wp-content\\\/uploads\\\/2026\\\/01\\\/pexels-ieva-brinkmane-1052950035-20432167-scaled.jpg\",\"keywords\":[\"acuerdo UE-Mercosur\",\"Internacional\"],\"articleSection\":[\"Art\u00edculos\"],\"inLanguage\":\"en-US\"},{\"@type\":\"WebPage\",\"@id\":\"https:\\\/\\\/nuevalibertad.org\\\/por-que-francia-paso-del-apoyo-al-rechazo-del-acuerdo-ue-mercosur\\\/\",\"url\":\"https:\\\/\\\/nuevalibertad.org\\\/por-que-francia-paso-del-apoyo-al-rechazo-del-acuerdo-ue-mercosur\\\/\",\"name\":\"\u00bfPor qu\u00e9 Francia pas\u00f3 del apoyo al rechazo del acuerdo UE-Mercosur? - Nueva Libertad y Gobierno\",\"isPartOf\":{\"@id\":\"https:\\\/\\\/nuevalibertad.org\\\/#website\"},\"primaryImageOfPage\":{\"@id\":\"https:\\\/\\\/nuevalibertad.org\\\/por-que-francia-paso-del-apoyo-al-rechazo-del-acuerdo-ue-mercosur\\\/#primaryimage\"},\"image\":{\"@id\":\"https:\\\/\\\/nuevalibertad.org\\\/por-que-francia-paso-del-apoyo-al-rechazo-del-acuerdo-ue-mercosur\\\/#primaryimage\"},\"thumbnailUrl\":\"https:\\\/\\\/nuevalibertad.org\\\/wp-content\\\/uploads\\\/2026\\\/01\\\/pexels-ieva-brinkmane-1052950035-20432167-scaled.jpg\",\"datePublished\":\"2026-01-13T10:47:03+00:00\",\"dateModified\":\"2026-01-13T11:09:02+00:00\",\"breadcrumb\":{\"@id\":\"https:\\\/\\\/nuevalibertad.org\\\/por-que-francia-paso-del-apoyo-al-rechazo-del-acuerdo-ue-mercosur\\\/#breadcrumb\"},\"inLanguage\":\"en-US\",\"potentialAction\":[{\"@type\":\"ReadAction\",\"target\":[\"https:\\\/\\\/nuevalibertad.org\\\/por-que-francia-paso-del-apoyo-al-rechazo-del-acuerdo-ue-mercosur\\\/\"]}]},{\"@type\":\"ImageObject\",\"inLanguage\":\"en-US\",\"@id\":\"https:\\\/\\\/nuevalibertad.org\\\/por-que-francia-paso-del-apoyo-al-rechazo-del-acuerdo-ue-mercosur\\\/#primaryimage\",\"url\":\"https:\\\/\\\/nuevalibertad.org\\\/wp-content\\\/uploads\\\/2026\\\/01\\\/pexels-ieva-brinkmane-1052950035-20432167-scaled.jpg\",\"contentUrl\":\"https:\\\/\\\/nuevalibertad.org\\\/wp-content\\\/uploads\\\/2026\\\/01\\\/pexels-ieva-brinkmane-1052950035-20432167-scaled.jpg\",\"width\":2560,\"height\":1707,\"caption\":\"Foto Banco Imagenes autoria: Ieva Brinkmane\"},{\"@type\":\"BreadcrumbList\",\"@id\":\"https:\\\/\\\/nuevalibertad.org\\\/por-que-francia-paso-del-apoyo-al-rechazo-del-acuerdo-ue-mercosur\\\/#breadcrumb\",\"itemListElement\":[{\"@type\":\"ListItem\",\"position\":1,\"name\":\"Portada\",\"item\":\"https:\\\/\\\/nuevalibertad.org\\\/\"},{\"@type\":\"ListItem\",\"position\":2,\"name\":\"\u00bfPor qu\u00e9 Francia pas\u00f3 del apoyo al rechazo del acuerdo UE-Mercosur?\"}]},{\"@type\":\"WebSite\",\"@id\":\"https:\\\/\\\/nuevalibertad.org\\\/#website\",\"url\":\"https:\\\/\\\/nuevalibertad.org\\\/\",\"name\":\"Nueva Libertad y Gobierno\",\"description\":\"Enfocados en la direcci\u00f3n correcta\",\"publisher\":{\"@id\":\"https:\\\/\\\/nuevalibertad.org\\\/#organization\"},\"potentialAction\":[{\"@type\":\"SearchAction\",\"target\":{\"@type\":\"EntryPoint\",\"urlTemplate\":\"https:\\\/\\\/nuevalibertad.org\\\/?s={search_term_string}\"},\"query-input\":{\"@type\":\"PropertyValueSpecification\",\"valueRequired\":true,\"valueName\":\"search_term_string\"}}],\"inLanguage\":\"en-US\"},{\"@type\":\"Organization\",\"@id\":\"https:\\\/\\\/nuevalibertad.org\\\/#organization\",\"name\":\"Nueva Libertad y Gobierno\",\"url\":\"https:\\\/\\\/nuevalibertad.org\\\/\",\"logo\":{\"@type\":\"ImageObject\",\"inLanguage\":\"en-US\",\"@id\":\"https:\\\/\\\/nuevalibertad.org\\\/#\\\/schema\\\/logo\\\/image\\\/\",\"url\":\"https:\\\/\\\/nuevalibertad.org\\\/wp-content\\\/uploads\\\/2023\\\/07\\\/cropped-nlg-1.png\",\"contentUrl\":\"https:\\\/\\\/nuevalibertad.org\\\/wp-content\\\/uploads\\\/2023\\\/07\\\/cropped-nlg-1.png\",\"width\":321,\"height\":189,\"caption\":\"Nueva Libertad y Gobierno\"},\"image\":{\"@id\":\"https:\\\/\\\/nuevalibertad.org\\\/#\\\/schema\\\/logo\\\/image\\\/\"}},{\"@type\":\"Person\",\"@id\":\"https:\\\/\\\/nuevalibertad.org\\\/#\\\/schema\\\/person\\\/58e0449416aa3b1f1a5506b8765c1de7\",\"name\":\"Belen\",\"image\":{\"@type\":\"ImageObject\",\"inLanguage\":\"en-US\",\"@id\":\"https:\\\/\\\/secure.gravatar.com\\\/avatar\\\/533e31f8aa710261aff9f2411528b184cd8917224cc52f3a33f72d48a23315d6?s=96&d=mm&r=g\",\"url\":\"https:\\\/\\\/secure.gravatar.com\\\/avatar\\\/533e31f8aa710261aff9f2411528b184cd8917224cc52f3a33f72d48a23315d6?s=96&d=mm&r=g\",\"contentUrl\":\"https:\\\/\\\/secure.gravatar.com\\\/avatar\\\/533e31f8aa710261aff9f2411528b184cd8917224cc52f3a33f72d48a23315d6?s=96&d=mm&r=g\",\"caption\":\"Belen\"},\"url\":\"https:\\\/\\\/nuevalibertad.org\\\/en\\\/author\\\/belenleon70\\\/\"}]}<\/script>\n<!-- \/ Yoast SEO plugin. -->","yoast_head_json":{"title":"\u00bfPor qu\u00e9 Francia pas\u00f3 del apoyo al rechazo del acuerdo UE-Mercosur? - Nueva Libertad y Gobierno","robots":{"index":"index","follow":"follow","max-snippet":"max-snippet:-1","max-image-preview":"max-image-preview:large","max-video-preview":"max-video-preview:-1"},"canonical":"https:\/\/nuevalibertad.org\/en\/por-que-francia-paso-del-apoyo-al-rechazo-del-acuerdo-ue-mercosur\/","og_locale":"en_US","og_type":"article","og_title":"\u00bfPor qu\u00e9 Francia pas\u00f3 del apoyo al rechazo del acuerdo UE-Mercosur? - Nueva Libertad y Gobierno","og_description":"De la apertura comercial a la oposici\u00f3n pol\u00edtica. Razones econ\u00f3micas, agr\u00edcolas y sociales son las que est\u00e1n detr\u00e1s de la negativa francesa a firmar el tratado Durante m\u00e1s de veinte a\u00f1os, el acuerdo de libre comercio entre la Uni\u00f3n Europea y el Mercosur ha sido presentado como uno de los proyectos m\u00e1s ambiciosos del comercio &hellip; \u00bfPor qu\u00e9 Francia pas\u00f3 del apoyo al rechazo del acuerdo UE-Mercosur? Read More &raquo;","og_url":"https:\/\/nuevalibertad.org\/en\/por-que-francia-paso-del-apoyo-al-rechazo-del-acuerdo-ue-mercosur\/","og_site_name":"Nueva Libertad y Gobierno","article_published_time":"2026-01-13T10:47:03+00:00","article_modified_time":"2026-01-13T11:09:02+00:00","og_image":[{"width":2560,"height":1707,"url":"https:\/\/nuevalibertad.org\/wp-content\/uploads\/2026\/01\/pexels-ieva-brinkmane-1052950035-20432167-scaled.jpg","type":"image\/jpeg"}],"author":"Belen","twitter_card":"summary_large_image","twitter_misc":{"Written by":"Belen","Est. reading time":"5 minutes"},"schema":{"@context":"https:\/\/schema.org","@graph":[{"@type":"Article","@id":"https:\/\/nuevalibertad.org\/por-que-francia-paso-del-apoyo-al-rechazo-del-acuerdo-ue-mercosur\/#article","isPartOf":{"@id":"https:\/\/nuevalibertad.org\/por-que-francia-paso-del-apoyo-al-rechazo-del-acuerdo-ue-mercosur\/"},"author":{"name":"Belen","@id":"https:\/\/nuevalibertad.org\/#\/schema\/person\/58e0449416aa3b1f1a5506b8765c1de7"},"headline":"\u00bfPor qu\u00e9 Francia pas\u00f3 del apoyo al rechazo del acuerdo UE-Mercosur?","datePublished":"2026-01-13T10:47:03+00:00","dateModified":"2026-01-13T11:09:02+00:00","mainEntityOfPage":{"@id":"https:\/\/nuevalibertad.org\/por-que-francia-paso-del-apoyo-al-rechazo-del-acuerdo-ue-mercosur\/"},"wordCount":1080,"publisher":{"@id":"https:\/\/nuevalibertad.org\/#organization"},"image":{"@id":"https:\/\/nuevalibertad.org\/por-que-francia-paso-del-apoyo-al-rechazo-del-acuerdo-ue-mercosur\/#primaryimage"},"thumbnailUrl":"https:\/\/nuevalibertad.org\/wp-content\/uploads\/2026\/01\/pexels-ieva-brinkmane-1052950035-20432167-scaled.jpg","keywords":["acuerdo UE-Mercosur","Internacional"],"articleSection":["Art\u00edculos"],"inLanguage":"en-US"},{"@type":"WebPage","@id":"https:\/\/nuevalibertad.org\/por-que-francia-paso-del-apoyo-al-rechazo-del-acuerdo-ue-mercosur\/","url":"https:\/\/nuevalibertad.org\/por-que-francia-paso-del-apoyo-al-rechazo-del-acuerdo-ue-mercosur\/","name":"\u00bfPor qu\u00e9 Francia pas\u00f3 del apoyo al rechazo del acuerdo UE-Mercosur? - Nueva Libertad y Gobierno","isPartOf":{"@id":"https:\/\/nuevalibertad.org\/#website"},"primaryImageOfPage":{"@id":"https:\/\/nuevalibertad.org\/por-que-francia-paso-del-apoyo-al-rechazo-del-acuerdo-ue-mercosur\/#primaryimage"},"image":{"@id":"https:\/\/nuevalibertad.org\/por-que-francia-paso-del-apoyo-al-rechazo-del-acuerdo-ue-mercosur\/#primaryimage"},"thumbnailUrl":"https:\/\/nuevalibertad.org\/wp-content\/uploads\/2026\/01\/pexels-ieva-brinkmane-1052950035-20432167-scaled.jpg","datePublished":"2026-01-13T10:47:03+00:00","dateModified":"2026-01-13T11:09:02+00:00","breadcrumb":{"@id":"https:\/\/nuevalibertad.org\/por-que-francia-paso-del-apoyo-al-rechazo-del-acuerdo-ue-mercosur\/#breadcrumb"},"inLanguage":"en-US","potentialAction":[{"@type":"ReadAction","target":["https:\/\/nuevalibertad.org\/por-que-francia-paso-del-apoyo-al-rechazo-del-acuerdo-ue-mercosur\/"]}]},{"@type":"ImageObject","inLanguage":"en-US","@id":"https:\/\/nuevalibertad.org\/por-que-francia-paso-del-apoyo-al-rechazo-del-acuerdo-ue-mercosur\/#primaryimage","url":"https:\/\/nuevalibertad.org\/wp-content\/uploads\/2026\/01\/pexels-ieva-brinkmane-1052950035-20432167-scaled.jpg","contentUrl":"https:\/\/nuevalibertad.org\/wp-content\/uploads\/2026\/01\/pexels-ieva-brinkmane-1052950035-20432167-scaled.jpg","width":2560,"height":1707,"caption":"Foto Banco Imagenes autoria: Ieva Brinkmane"},{"@type":"BreadcrumbList","@id":"https:\/\/nuevalibertad.org\/por-que-francia-paso-del-apoyo-al-rechazo-del-acuerdo-ue-mercosur\/#breadcrumb","itemListElement":[{"@type":"ListItem","position":1,"name":"Portada","item":"https:\/\/nuevalibertad.org\/"},{"@type":"ListItem","position":2,"name":"\u00bfPor qu\u00e9 Francia pas\u00f3 del apoyo al rechazo del acuerdo UE-Mercosur?"}]},{"@type":"WebSite","@id":"https:\/\/nuevalibertad.org\/#website","url":"https:\/\/nuevalibertad.org\/","name":"Nueva Libertad y Gobierno","description":"Enfocados en la direcci\u00f3n correcta","publisher":{"@id":"https:\/\/nuevalibertad.org\/#organization"},"potentialAction":[{"@type":"SearchAction","target":{"@type":"EntryPoint","urlTemplate":"https:\/\/nuevalibertad.org\/?s={search_term_string}"},"query-input":{"@type":"PropertyValueSpecification","valueRequired":true,"valueName":"search_term_string"}}],"inLanguage":"en-US"},{"@type":"Organization","@id":"https:\/\/nuevalibertad.org\/#organization","name":"Nueva Libertad y Gobierno","url":"https:\/\/nuevalibertad.org\/","logo":{"@type":"ImageObject","inLanguage":"en-US","@id":"https:\/\/nuevalibertad.org\/#\/schema\/logo\/image\/","url":"https:\/\/nuevalibertad.org\/wp-content\/uploads\/2023\/07\/cropped-nlg-1.png","contentUrl":"https:\/\/nuevalibertad.org\/wp-content\/uploads\/2023\/07\/cropped-nlg-1.png","width":321,"height":189,"caption":"Nueva Libertad y Gobierno"},"image":{"@id":"https:\/\/nuevalibertad.org\/#\/schema\/logo\/image\/"}},{"@type":"Person","@id":"https:\/\/nuevalibertad.org\/#\/schema\/person\/58e0449416aa3b1f1a5506b8765c1de7","name":"Belen","image":{"@type":"ImageObject","inLanguage":"en-US","@id":"https:\/\/secure.gravatar.com\/avatar\/533e31f8aa710261aff9f2411528b184cd8917224cc52f3a33f72d48a23315d6?s=96&d=mm&r=g","url":"https:\/\/secure.gravatar.com\/avatar\/533e31f8aa710261aff9f2411528b184cd8917224cc52f3a33f72d48a23315d6?s=96&d=mm&r=g","contentUrl":"https:\/\/secure.gravatar.com\/avatar\/533e31f8aa710261aff9f2411528b184cd8917224cc52f3a33f72d48a23315d6?s=96&d=mm&r=g","caption":"Belen"},"url":"https:\/\/nuevalibertad.org\/en\/author\/belenleon70\/"}]}},"jetpack_featured_media_url":"https:\/\/nuevalibertad.org\/wp-content\/uploads\/2026\/01\/pexels-ieva-brinkmane-1052950035-20432167-scaled.jpg","jetpack_sharing_enabled":false,"_links":{"self":[{"href":"https:\/\/nuevalibertad.org\/en\/wp-json\/wp\/v2\/posts\/2642","targetHints":{"allow":["GET"]}}],"collection":[{"href":"https:\/\/nuevalibertad.org\/en\/wp-json\/wp\/v2\/posts"}],"about":[{"href":"https:\/\/nuevalibertad.org\/en\/wp-json\/wp\/v2\/types\/post"}],"author":[{"embeddable":true,"href":"https:\/\/nuevalibertad.org\/en\/wp-json\/wp\/v2\/users\/5"}],"replies":[{"embeddable":true,"href":"https:\/\/nuevalibertad.org\/en\/wp-json\/wp\/v2\/comments?post=2642"}],"version-history":[{"count":3,"href":"https:\/\/nuevalibertad.org\/en\/wp-json\/wp\/v2\/posts\/2642\/revisions"}],"predecessor-version":[{"id":2647,"href":"https:\/\/nuevalibertad.org\/en\/wp-json\/wp\/v2\/posts\/2642\/revisions\/2647"}],"wp:featuredmedia":[{"embeddable":true,"href":"https:\/\/nuevalibertad.org\/en\/wp-json\/wp\/v2\/media\/2643"}],"wp:attachment":[{"href":"https:\/\/nuevalibertad.org\/en\/wp-json\/wp\/v2\/media?parent=2642"}],"wp:term":[{"taxonomy":"category","embeddable":true,"href":"https:\/\/nuevalibertad.org\/en\/wp-json\/wp\/v2\/categories?post=2642"},{"taxonomy":"post_tag","embeddable":true,"href":"https:\/\/nuevalibertad.org\/en\/wp-json\/wp\/v2\/tags?post=2642"}],"curies":[{"name":"wp","href":"https:\/\/api.w.org\/{rel}","templated":true}]}}